{"id":103600,"date":"2015-08-11T11:18:57","date_gmt":"2015-08-11T11:18:57","guid":{"rendered":"https:\/\/easycurtain.ch\/rideaux-pas-chers-3\/"},"modified":"2023-11-21T15:31:20","modified_gmt":"2023-11-21T15:31:20","slug":"rideaux-pas-chers-3","status":"publish","type":"post","link":"https:\/\/easycurtain.ch\/fr-ch\/rideaux-pas-chers-3\/","title":{"rendered":"Rideaux pas chers"},"content":{"rendered":"<div class=\"wpb-content-wrapper\"><p>[vc_row][vc_column width=&#8221;1\/2&#8243;][vc_single_image image=&#8221;100473&#8243; img_size=&#8221;large&#8221; title=&#8221;de haute qualit\u00e9 &amp; bon march\u00e9&#8221;][\/vc_column][vc_column width=&#8221;1\/2&#8243;][vc_column_text css=&#8221;.vc_custom_1699008487719{margin-bottom: 0px !important;border-bottom-width: 0px !important;padding-bottom: 0px !important;}&#8221;]<\/p>\n<h2>Rideaux pas chers<\/h2>\n<p>Tu cherches <strong>des rideaux bon march\u00e9<\/strong>, mais tu ne veux pas pour autant renoncer \u00e0 la qualit\u00e9 ? Parfait, alors tu es \u00e0 la bonne adresse. Non seulement nos rideaux sont de grande qualit\u00e9 et peu co\u00fbteux, mais ils <strong>s&#8217;adaptent aussi parfaitement<\/strong>! Dans notre boutique en ligne, tu peux en effet choisir la hauteur des rideaux au centim\u00e8tre pr\u00e8s. Saisis ta chance et embellis ton int\u00e9rieur avec des rideaux \u00e9l\u00e9gants :[\/vc_column_text]<a href=\"https:\/\/easycurtain.ch\/fr-ch\/k\/rideaux\/\" title=\"Voici le lien vers la boutique en ligne\" class=\"konte-button button-normal text-default align-inline normal   button square\">Voici le lien vers la boutique en ligne<\/a>[vc_empty_space][\/vc_column][\/vc_row][vc_row][vc_column][vc_separator][vc_column_text]<\/p>\n<h2>Rideaux pas chers sur mesure<\/h2>\n<p>Pour que le rideau s&#8217;adapte au millim\u00e8tre pr\u00e8s : Chez nous, tu peux commander des rideaux sur mesure de mani\u00e8re simple et facile ! La commande se fait enti\u00e8rement en ligne, et nous sommes bien s\u00fbr toujours pr\u00eats \u00e0 te fournir une assistance personnelle. Nous nous mettons \u00e0 coudre et tu recevras tes nouveaux rideaux directement chez toi apr\u00e8s quelques jours.[\/vc_column_text]<div class=\"woocommerce columns-2 \"><ul class=\"products hover-slider columns-2\"><li class=\"product type-product post-101441 status-publish first instock product_cat-rideaux product_cat-rideaux-transparents product_tag-rideaux-de-jour product_tag-rideaux-en-lin has-post-thumbnail taxable shipping-taxable purchasable product-type-simple\">\n\t<div class=\"product-inner\"><div class=\"product-thumbnail product-thumbnails--slider\"><a href=\"https:\/\/easycurtain.ch\/fr-ch\/onlineshop\/rideau-de-jour-lyna-aspect-lin-colore\/\" class=\"woocommerce-LoopProduct-link woocommerce-loop-product__link\"><img loading=\"lazy\" decoding=\"async\" width=\"680\" height=\"680\" src=\"https:\/\/easycurtain.ch\/wp-content\/uploads\/2023\/11\/tagesvorhang-lyna-titelbild-2-1-680x680.jpg\" class=\"attachment-woocommerce_thumbnail size-woocommerce_thumbnail\" alt=\"Tagesvorhang LYNA - Titelbild\" srcset=\"https:\/\/easycurtain.ch\/wp-content\/uploads\/2023\/11\/tagesvorhang-lyna-titelbild-2-1-680x680.jpg 680w, https:\/\/easycurtain.ch\/wp-content\/uploads\/2023\/11\/tagesvorhang-lyna-titelbild-2-1-300x300.jpg 300w, https:\/\/easycurtain.ch\/wp-content\/uploads\/2023\/11\/tagesvorhang-lyna-titelbild-2-1-1024x1024.jpg 1024w, https:\/\/easycurtain.ch\/wp-content\/uploads\/2023\/11\/tagesvorhang-lyna-titelbild-2-1-150x150.jpg 150w, https:\/\/easycurtain.ch\/wp-content\/uploads\/2023\/11\/tagesvorhang-lyna-titelbild-2-1-768x768.jpg 768w, https:\/\/easycurtain.ch\/wp-content\/uploads\/2023\/11\/tagesvorhang-lyna-titelbild-2-1-840x840.jpg 840w, https:\/\/easycurtain.ch\/wp-content\/uploads\/2023\/11\/tagesvorhang-lyna-titelbild-2-1.jpg 1200w\" sizes=\"auto, (max-width: 680px) 100vw, 680px\" \/><\/a><a href=\"https:\/\/easycurtain.ch\/fr-ch\/onlineshop\/rideau-de-jour-lyna-aspect-lin-colore\/\" class=\"woocommerce-LoopProduct-link woocommerce-loop-product__link\"><img data-lazy=\"https:\/\/easycurtain.ch\/wp-content\/uploads\/2023\/11\/tagesvorhang-lyna-vorhang-geschlossen-2-680x680.jpg\" width=\"680\" height=\"680\" alt=\"Rideau de jour LYNA (aspect lin, color\u00e9)\" class=\"slick-loading\"><\/a><a href=\"https:\/\/easycurtain.ch\/fr-ch\/onlineshop\/rideau-de-jour-lyna-aspect-lin-colore\/\" class=\"woocommerce-LoopProduct-link woocommerce-loop-product__link\"><img data-lazy=\"https:\/\/easycurtain.ch\/wp-content\/uploads\/2023\/11\/tagesvorhang-lyna-vorhang-geschlossen-4-680x680.jpg\" width=\"680\" height=\"680\" alt=\"Rideau de jour LYNA (aspect lin, color\u00e9)\" class=\"slick-loading\"><\/a><a href=\"https:\/\/easycurtain.ch\/fr-ch\/onlineshop\/rideau-de-jour-lyna-aspect-lin-colore\/\" class=\"woocommerce-LoopProduct-link woocommerce-loop-product__link\"><img data-lazy=\"https:\/\/easycurtain.ch\/wp-content\/uploads\/2023\/11\/tagesvorhang-lyna-vorhang-halboffen-2-680x680.jpg\" width=\"680\" height=\"680\" alt=\"Rideau de jour LYNA (aspect lin, color\u00e9)\" class=\"slick-loading\"><\/a><a href=\"https:\/\/easycurtain.ch\/fr-ch\/onlineshop\/rideau-de-jour-lyna-aspect-lin-colore\/\" class=\"woocommerce-LoopProduct-link woocommerce-loop-product__link\"><img data-lazy=\"https:\/\/easycurtain.ch\/wp-content\/uploads\/2023\/11\/tagesvorhang-lyna-beschwerungsband-680x680.jpg\" width=\"680\" height=\"680\" alt=\"Rideau de jour LYNA (aspect lin, color\u00e9)\" class=\"slick-loading\"><\/a><a href=\"https:\/\/easycurtain.ch\/fr-ch\/onlineshop\/rideau-de-jour-lyna-aspect-lin-colore\/\" class=\"woocommerce-LoopProduct-link woocommerce-loop-product__link\"><img data-lazy=\"https:\/\/easycurtain.ch\/wp-content\/uploads\/2023\/11\/tagesvorhang-lyna-detail-680x680.jpg\" width=\"680\" height=\"680\" alt=\"Rideau de jour LYNA (aspect lin, color\u00e9)\" class=\"slick-loading\"><\/a><a href=\"https:\/\/easycurtain.ch\/fr-ch\/onlineshop\/rideau-de-jour-lyna-aspect-lin-colore\/\" class=\"woocommerce-LoopProduct-link woocommerce-loop-product__link\"><img data-lazy=\"https:\/\/easycurtain.ch\/wp-content\/uploads\/2023\/11\/tagesvorhang-lyna-stoffstruktur-2-680x680.jpg\" width=\"680\" height=\"680\" alt=\"Rideau de jour LYNA (aspect lin, color\u00e9)\" class=\"slick-loading\"><\/a><a href=\"https:\/\/easycurtain.ch\/fr-ch\/onlineshop\/rideau-de-jour-lyna-aspect-lin-colore\/\" class=\"woocommerce-LoopProduct-link woocommerce-loop-product__link\"><img data-lazy=\"https:\/\/easycurtain.ch\/wp-content\/uploads\/2023\/11\/tagesvorhang-lyna-vorhang-halboffen-3-680x680.jpg\" width=\"680\" height=\"680\" alt=\"Rideau de jour LYNA (aspect lin, color\u00e9)\" class=\"slick-loading\"><\/a><a href=\"https:\/\/easycurtain.ch\/fr-ch\/onlineshop\/rideau-de-jour-lyna-aspect-lin-colore\/\" class=\"woocommerce-LoopProduct-link woocommerce-loop-product__link\"><img data-lazy=\"https:\/\/easycurtain.ch\/wp-content\/uploads\/2023\/11\/tagesvorhang-lyna-vorhang-geschlossen-6-680x680.jpg\" width=\"680\" height=\"680\" alt=\"Rideau de jour LYNA (aspect lin, color\u00e9)\" class=\"slick-loading\"><\/a><a href=\"https:\/\/easycurtain.ch\/fr-ch\/onlineshop\/rideau-de-jour-lyna-aspect-lin-colore\/\" class=\"woocommerce-LoopProduct-link woocommerce-loop-product__link\"><img data-lazy=\"https:\/\/easycurtain.ch\/wp-content\/uploads\/2023\/11\/tagesvorhang-lyna-transparenz-6-680x680.jpg\" width=\"680\" height=\"680\" alt=\"Rideau de jour LYNA (aspect lin, color\u00e9)\" class=\"slick-loading\"><\/a><a href=\"https:\/\/easycurtain.ch\/fr-ch\/onlineshop\/rideau-de-jour-lyna-aspect-lin-colore\/\" class=\"woocommerce-LoopProduct-link woocommerce-loop-product__link\"><img data-lazy=\"https:\/\/easycurtain.ch\/wp-content\/uploads\/2023\/11\/tagesvorhang-lyna-transparenz-2-680x680.jpg\" width=\"680\" height=\"680\" alt=\"Rideau de jour LYNA (aspect lin, color\u00e9)\" class=\"slick-loading\"><\/a><a href=\"https:\/\/easycurtain.ch\/fr-ch\/onlineshop\/rideau-de-jour-lyna-aspect-lin-colore\/\" class=\"woocommerce-LoopProduct-link woocommerce-loop-product__link\"><img data-lazy=\"https:\/\/easycurtain.ch\/wp-content\/uploads\/2023\/11\/tagesvorhang-lyna-stoff-2-680x680.jpg\" width=\"680\" height=\"680\" alt=\"Rideau de jour LYNA (aspect lin, color\u00e9)\" class=\"slick-loading\"><\/a><a href=\"https:\/\/easycurtain.ch\/fr-ch\/onlineshop\/rideau-de-jour-lyna-aspect-lin-colore\/\" class=\"woocommerce-LoopProduct-link woocommerce-loop-product__link\"><img data-lazy=\"https:\/\/easycurtain.ch\/wp-content\/uploads\/2023\/11\/tagesvorhang-lyna-grau-stoffmuster-680x680.jpg\" width=\"680\" height=\"680\" alt=\"Rideau de jour LYNA (aspect lin, color\u00e9)\" class=\"slick-loading\"><\/a><a href=\"https:\/\/easycurtain.ch\/fr-ch\/onlineshop\/rideau-de-jour-lyna-aspect-lin-colore\/\" class=\"woocommerce-LoopProduct-link woocommerce-loop-product__link\"><img data-lazy=\"https:\/\/easycurtain.ch\/wp-content\/uploads\/2023\/11\/tagesvorhang-lyna-ecru-stoffmuster-680x680.jpg\" width=\"680\" height=\"680\" alt=\"Rideau de jour LYNA (aspect lin, color\u00e9)\" class=\"slick-loading\"><\/a><a href=\"https:\/\/easycurtain.ch\/fr-ch\/onlineshop\/rideau-de-jour-lyna-aspect-lin-colore\/\" class=\"woocommerce-LoopProduct-link woocommerce-loop-product__link\"><img data-lazy=\"https:\/\/easycurtain.ch\/wp-content\/uploads\/2023\/11\/tagesvorhang-lyna-weiss-stoffmuster-680x680.jpg\" width=\"680\" height=\"680\" alt=\"Rideau de jour LYNA (aspect lin, color\u00e9)\" class=\"slick-loading\"><\/a><a href=\"https:\/\/easycurtain.ch\/fr-ch\/onlineshop\/rideau-de-jour-lyna-aspect-lin-colore\/\" class=\"woocommerce-LoopProduct-link woocommerce-loop-product__link\"><img data-lazy=\"https:\/\/easycurtain.ch\/wp-content\/uploads\/2023\/11\/tagesvorhang-lyna-dunkelbraun-stoffmuster-680x680.jpg\" width=\"680\" height=\"680\" alt=\"Rideau de jour LYNA (aspect lin, color\u00e9)\" class=\"slick-loading\"><\/a><a href=\"https:\/\/easycurtain.ch\/fr-ch\/onlineshop\/rideau-de-jour-lyna-aspect-lin-colore\/\" class=\"woocommerce-LoopProduct-link woocommerce-loop-product__link\"><img data-lazy=\"https:\/\/easycurtain.ch\/wp-content\/uploads\/2023\/11\/tagesvorhang-lyna-braun-stoffmuster-680x680.jpg\" width=\"680\" height=\"680\" alt=\"Rideau de jour LYNA (aspect lin, color\u00e9)\" class=\"slick-loading\"><\/a><\/div><div class=\"product-summary\"><h2 class=\"woocommerce-loop-product__title\"><a href=\"https:\/\/easycurtain.ch\/fr-ch\/onlineshop\/rideau-de-jour-lyna-aspect-lin-colore\/\" class=\"woocommerce-LoopProduct-link woocommerce-loop-product__link\">Rideau de jour LYNA (aspect lin, color\u00e9)<\/a><\/h2>\n\t<span class=\"price\"><span class=\"woocommerce-Price-amount amount\"><bdi><span class=\"woocommerce-Price-currencySymbol\">&#67;&#72;&#70;<\/span>&nbsp;32.00<\/bdi><\/span><\/span>\n\n<div class=\"buttons clearfix\">\t<span id=\"woocommerce_loop_add_to_cart_link_describedby_101441\" class=\"screen-reader-text\">\n\t\t\t<\/span>\n<a href=\"?add-to-wishlist=101441\" class=\"wcboost-wishlist-button wcboost-wishlist-button--theme button wp-element-button wcboost-wishlist-button--ajax\" data-quantity=\"1\" data-product_id=\"101441\" aria-label=\"Add &ldquo;Rideau de jour LYNA (aspect lin, color\u00e9)&rdquo; to the wishlist\" rel=\"nofollow\"><span class=\"wcboost-wishlist-button__icon\"><span class=\"svg-icon icon-heart-o size-normal \"><svg role=\"img\"> <use href=\"#heart-o\" xlink:href=\"#heart-o\"><\/use> <\/svg><\/span><\/span><span class=\"wcboost-wishlist-button__text\">Ajouter \u00e0 la liste de souhaits<\/span><\/a><\/div><\/div><\/div><\/li>\n<li class=\"product type-product post-101406 status-publish last instock product_cat-rideaux product_cat-rideaux-transparents product_tag-rideaux-de-jour has-post-thumbnail featured taxable shipping-taxable purchasable product-type-simple\">\n\t<div class=\"product-inner\"><span class=\"woocommerce-badges woocommerce-badges--round\"><span class=\"featured woocommerce-badge\"><span>Hot<\/span><\/span><\/span><div class=\"product-thumbnail product-thumbnails--slider\"><a href=\"https:\/\/easycurtain.ch\/fr-ch\/onlineshop\/rideau-de-jour-lysa-voile-blanc\/\" class=\"woocommerce-LoopProduct-link woocommerce-loop-product__link\"><img loading=\"lazy\" decoding=\"async\" width=\"680\" height=\"680\" src=\"https:\/\/easycurtain.ch\/wp-content\/uploads\/2023\/11\/tagesvorhang-lysa-stoff-transparenz-3-1-680x680.jpg\" class=\"attachment-woocommerce_thumbnail size-woocommerce_thumbnail\" alt=\"Rideau de jour LYSA\" srcset=\"https:\/\/easycurtain.ch\/wp-content\/uploads\/2023\/11\/tagesvorhang-lysa-stoff-transparenz-3-1-680x680.jpg 680w, https:\/\/easycurtain.ch\/wp-content\/uploads\/2023\/11\/tagesvorhang-lysa-stoff-transparenz-3-1-300x300.jpg 300w, https:\/\/easycurtain.ch\/wp-content\/uploads\/2023\/11\/tagesvorhang-lysa-stoff-transparenz-3-1-1024x1024.jpg 1024w, https:\/\/easycurtain.ch\/wp-content\/uploads\/2023\/11\/tagesvorhang-lysa-stoff-transparenz-3-1-150x150.jpg 150w, https:\/\/easycurtain.ch\/wp-content\/uploads\/2023\/11\/tagesvorhang-lysa-stoff-transparenz-3-1-768x768.jpg 768w, https:\/\/easycurtain.ch\/wp-content\/uploads\/2023\/11\/tagesvorhang-lysa-stoff-transparenz-3-1-840x840.jpg 840w, https:\/\/easycurtain.ch\/wp-content\/uploads\/2023\/11\/tagesvorhang-lysa-stoff-transparenz-3-1.jpg 1200w\" sizes=\"auto, (max-width: 680px) 100vw, 680px\" \/><\/a><a href=\"https:\/\/easycurtain.ch\/fr-ch\/onlineshop\/rideau-de-jour-lysa-voile-blanc\/\" class=\"woocommerce-LoopProduct-link woocommerce-loop-product__link\"><img data-lazy=\"https:\/\/easycurtain.ch\/wp-content\/uploads\/2023\/11\/tagesvorhang-lysa-vorhang-halboffen-680x680.jpg\" width=\"680\" height=\"680\" alt=\"Rideau de jour LYSA (voile, blanc)\" class=\"slick-loading\"><\/a><a href=\"https:\/\/easycurtain.ch\/fr-ch\/onlineshop\/rideau-de-jour-lysa-voile-blanc\/\" class=\"woocommerce-LoopProduct-link woocommerce-loop-product__link\"><img data-lazy=\"https:\/\/easycurtain.ch\/wp-content\/uploads\/2023\/11\/tagesvorhang-lysa-vorhang-offen-680x680.jpg\" width=\"680\" height=\"680\" alt=\"Rideau de jour LYSA (voile, blanc)\" class=\"slick-loading\"><\/a><a href=\"https:\/\/easycurtain.ch\/fr-ch\/onlineshop\/rideau-de-jour-lysa-voile-blanc\/\" class=\"woocommerce-LoopProduct-link woocommerce-loop-product__link\"><img data-lazy=\"https:\/\/easycurtain.ch\/wp-content\/uploads\/2023\/11\/tagesvorhang-lysa-wellen-transparenz-680x680.jpg\" width=\"680\" height=\"680\" alt=\"Rideau de jour LYSA (voile, blanc)\" class=\"slick-loading\"><\/a><a href=\"https:\/\/easycurtain.ch\/fr-ch\/onlineshop\/rideau-de-jour-lysa-voile-blanc\/\" class=\"woocommerce-LoopProduct-link woocommerce-loop-product__link\"><img data-lazy=\"https:\/\/easycurtain.ch\/wp-content\/uploads\/2023\/11\/tagesvorhang-lysa-wellen-transparenz-1-680x680.jpg\" width=\"680\" height=\"680\" alt=\"Rideau de jour LYSA (voile, blanc)\" class=\"slick-loading\"><\/a><a href=\"https:\/\/easycurtain.ch\/fr-ch\/onlineshop\/rideau-de-jour-lysa-voile-blanc\/\" class=\"woocommerce-LoopProduct-link woocommerce-loop-product__link\"><img data-lazy=\"https:\/\/easycurtain.ch\/wp-content\/uploads\/2023\/11\/tagesvorhang-lysa-wellen-beschwerungsband-680x680.jpg\" width=\"680\" height=\"680\" alt=\"Rideau de jour LYSA (voile, blanc)\" class=\"slick-loading\"><\/a><a href=\"https:\/\/easycurtain.ch\/fr-ch\/onlineshop\/rideau-de-jour-lysa-voile-blanc\/\" class=\"woocommerce-LoopProduct-link woocommerce-loop-product__link\"><img data-lazy=\"https:\/\/easycurtain.ch\/wp-content\/uploads\/2023\/11\/tagesvorhang-lysa-stoff-transparenz-1-680x680.jpg\" width=\"680\" height=\"680\" alt=\"Rideau de jour LYSA (voile, blanc)\" class=\"slick-loading\"><\/a><a href=\"https:\/\/easycurtain.ch\/fr-ch\/onlineshop\/rideau-de-jour-lysa-voile-blanc\/\" class=\"woocommerce-LoopProduct-link woocommerce-loop-product__link\"><img data-lazy=\"https:\/\/easycurtain.ch\/wp-content\/uploads\/2023\/11\/tagesvorhang-lysa-weiss-1-stoffmuster-680x680.jpg\" width=\"680\" height=\"680\" alt=\"Rideau de jour LYSA (voile, blanc)\" class=\"slick-loading\"><\/a><a href=\"https:\/\/easycurtain.ch\/fr-ch\/onlineshop\/rideau-de-jour-lysa-voile-blanc\/\" class=\"woocommerce-LoopProduct-link woocommerce-loop-product__link\"><img data-lazy=\"https:\/\/easycurtain.ch\/wp-content\/uploads\/2023\/11\/tagesvorhang-lysa-vorhang-halboffen-3-680x680.jpg\" width=\"680\" height=\"680\" alt=\"Rideau de jour LYSA (voile, blanc)\" class=\"slick-loading\"><\/a><a href=\"https:\/\/easycurtain.ch\/fr-ch\/onlineshop\/rideau-de-jour-lysa-voile-blanc\/\" class=\"woocommerce-LoopProduct-link woocommerce-loop-product__link\"><img data-lazy=\"https:\/\/easycurtain.ch\/wp-content\/uploads\/2023\/11\/tagesvorhang-lysa-stoff-680x680.jpg\" width=\"680\" height=\"680\" alt=\"Rideau de jour LYSA (voile, blanc)\" class=\"slick-loading\"><\/a><a href=\"https:\/\/easycurtain.ch\/fr-ch\/onlineshop\/rideau-de-jour-lysa-voile-blanc\/\" class=\"woocommerce-LoopProduct-link woocommerce-loop-product__link\"><img data-lazy=\"https:\/\/easycurtain.ch\/wp-content\/uploads\/2023\/11\/tagesvorhang-lysa-vorhang-halboffen-2-680x680.jpg\" width=\"680\" height=\"680\" alt=\"Rideau de jour LYSA (voile, blanc)\" class=\"slick-loading\"><\/a><a href=\"https:\/\/easycurtain.ch\/fr-ch\/onlineshop\/rideau-de-jour-lysa-voile-blanc\/\" class=\"woocommerce-LoopProduct-link woocommerce-loop-product__link\"><img data-lazy=\"https:\/\/easycurtain.ch\/wp-content\/uploads\/2023\/11\/tagesvorhang-lysa-vorhang-geschlossen-680x680.jpg\" width=\"680\" height=\"680\" alt=\"Rideau de jour LYSA (voile, blanc)\" class=\"slick-loading\"><\/a><a href=\"https:\/\/easycurtain.ch\/fr-ch\/onlineshop\/rideau-de-jour-lysa-voile-blanc\/\" class=\"woocommerce-LoopProduct-link woocommerce-loop-product__link\"><img data-lazy=\"https:\/\/easycurtain.ch\/wp-content\/uploads\/2023\/11\/tagesvorhang-lysa-transparenz-680x680.jpg\" width=\"680\" height=\"680\" alt=\"Rideau de jour LYSA (voile, blanc)\" class=\"slick-loading\"><\/a><a href=\"https:\/\/easycurtain.ch\/fr-ch\/onlineshop\/rideau-de-jour-lysa-voile-blanc\/\" class=\"woocommerce-LoopProduct-link woocommerce-loop-product__link\"><img data-lazy=\"https:\/\/easycurtain.ch\/wp-content\/uploads\/2023\/11\/tagesvorhang-lysa-stoff-transparenz-680x680.jpg\" width=\"680\" height=\"680\" alt=\"Rideau de jour LYSA (voile, blanc)\" class=\"slick-loading\"><\/a><a href=\"https:\/\/easycurtain.ch\/fr-ch\/onlineshop\/rideau-de-jour-lysa-voile-blanc\/\" class=\"woocommerce-LoopProduct-link woocommerce-loop-product__link\"><img data-lazy=\"https:\/\/easycurtain.ch\/wp-content\/uploads\/2023\/11\/tagesvorhang-lysa-stoff-transparenz-2-680x680.jpg\" width=\"680\" height=\"680\" alt=\"Rideau de jour LYSA (voile, blanc)\" class=\"slick-loading\"><\/a><\/div><div class=\"product-summary\"><h2 class=\"woocommerce-loop-product__title\"><a href=\"https:\/\/easycurtain.ch\/fr-ch\/onlineshop\/rideau-de-jour-lysa-voile-blanc\/\" class=\"woocommerce-LoopProduct-link woocommerce-loop-product__link\">Rideau de jour LYSA (voile, blanc)<\/a><\/h2>\n\t<span class=\"price\"><span class=\"woocommerce-Price-amount amount\"><bdi><span class=\"woocommerce-Price-currencySymbol\">&#67;&#72;&#70;<\/span>&nbsp;26.00<\/bdi><\/span><\/span>\n\n<div class=\"buttons clearfix\">\t<span id=\"woocommerce_loop_add_to_cart_link_describedby_101406\" class=\"screen-reader-text\">\n\t\t\t<\/span>\n<a href=\"?add-to-wishlist=101406\" class=\"wcboost-wishlist-button wcboost-wishlist-button--theme button wp-element-button wcboost-wishlist-button--ajax\" data-quantity=\"1\" data-product_id=\"101406\" aria-label=\"Add &ldquo;Rideau de jour LYSA (voile, blanc)&rdquo; to the wishlist\" rel=\"nofollow\"><span class=\"wcboost-wishlist-button__icon\"><span class=\"svg-icon icon-heart-o size-normal \"><svg role=\"img\"> <use href=\"#heart-o\" xlink:href=\"#heart-o\"><\/use> <\/svg><\/span><\/span><span class=\"wcboost-wishlist-button__text\">Ajouter \u00e0 la liste de souhaits<\/span><\/a><\/div><\/div><\/div><\/li>\n<li class=\"product type-product post-101506 status-publish first instock product_cat-rideaux product_cat-rideaux-transparents product_tag-premium-fr-ch product_tag-rideaux-de-jour has-post-thumbnail taxable shipping-taxable purchasable product-type-simple\">\n\t<div class=\"product-inner\"><div class=\"product-thumbnail product-thumbnails--slider\"><a href=\"https:\/\/easycurtain.ch\/fr-ch\/onlineshop\/rideau-de-jour-yava-voile-premium-blanc\/\" class=\"woocommerce-LoopProduct-link woocommerce-loop-product__link\"><img loading=\"lazy\" decoding=\"async\" width=\"680\" height=\"680\" src=\"https:\/\/easycurtain.ch\/wp-content\/uploads\/2023\/11\/tagesvorhang-yava-titelbild-680x680.jpg\" class=\"attachment-woocommerce_thumbnail size-woocommerce_thumbnail\" alt=\"Voilage YAVA\" srcset=\"https:\/\/easycurtain.ch\/wp-content\/uploads\/2023\/11\/tagesvorhang-yava-titelbild-680x680.jpg 680w, https:\/\/easycurtain.ch\/wp-content\/uploads\/2023\/11\/tagesvorhang-yava-titelbild-300x300.jpg 300w, https:\/\/easycurtain.ch\/wp-content\/uploads\/2023\/11\/tagesvorhang-yava-titelbild-1024x1024.jpg 1024w, https:\/\/easycurtain.ch\/wp-content\/uploads\/2023\/11\/tagesvorhang-yava-titelbild-150x150.jpg 150w, https:\/\/easycurtain.ch\/wp-content\/uploads\/2023\/11\/tagesvorhang-yava-titelbild-768x768.jpg 768w, https:\/\/easycurtain.ch\/wp-content\/uploads\/2023\/11\/tagesvorhang-yava-titelbild-840x840.jpg 840w, https:\/\/easycurtain.ch\/wp-content\/uploads\/2023\/11\/tagesvorhang-yava-titelbild.jpg 1200w\" sizes=\"auto, (max-width: 680px) 100vw, 680px\" \/><\/a><a href=\"https:\/\/easycurtain.ch\/fr-ch\/onlineshop\/rideau-de-jour-yava-voile-premium-blanc\/\" class=\"woocommerce-LoopProduct-link woocommerce-loop-product__link\"><img data-lazy=\"https:\/\/easycurtain.ch\/wp-content\/uploads\/2023\/11\/tagesvorhang-yava-vorhang-geschlossen-680x680.jpg\" width=\"680\" height=\"680\" alt=\"Rideau de jour YAVA (voile premium, blanc)\" class=\"slick-loading\"><\/a><a href=\"https:\/\/easycurtain.ch\/fr-ch\/onlineshop\/rideau-de-jour-yava-voile-premium-blanc\/\" class=\"woocommerce-LoopProduct-link woocommerce-loop-product__link\"><img data-lazy=\"https:\/\/easycurtain.ch\/wp-content\/uploads\/2023\/11\/tagesvorhang-yava-vorhang-offen-raumansicht-680x680.jpg\" width=\"680\" height=\"680\" alt=\"Rideau de jour YAVA (voile premium, blanc)\" class=\"slick-loading\"><\/a><a href=\"https:\/\/easycurtain.ch\/fr-ch\/onlineshop\/rideau-de-jour-yava-voile-premium-blanc\/\" class=\"woocommerce-LoopProduct-link woocommerce-loop-product__link\"><img data-lazy=\"https:\/\/easycurtain.ch\/wp-content\/uploads\/2023\/11\/tagesvorhang-yava-vorhang-halboffen-680x680.jpg\" width=\"680\" height=\"680\" alt=\"Rideau de jour YAVA (voile premium, blanc)\" class=\"slick-loading\"><\/a><a href=\"https:\/\/easycurtain.ch\/fr-ch\/onlineshop\/rideau-de-jour-yava-voile-premium-blanc\/\" class=\"woocommerce-LoopProduct-link woocommerce-loop-product__link\"><img data-lazy=\"https:\/\/easycurtain.ch\/wp-content\/uploads\/2023\/11\/tagesvorhang-yava-vorhang-offen-680x680.jpg\" width=\"680\" height=\"680\" alt=\"Rideau de jour YAVA (voile premium, blanc)\" class=\"slick-loading\"><\/a><a href=\"https:\/\/easycurtain.ch\/fr-ch\/onlineshop\/rideau-de-jour-yava-voile-premium-blanc\/\" class=\"woocommerce-LoopProduct-link woocommerce-loop-product__link\"><img data-lazy=\"https:\/\/easycurtain.ch\/wp-content\/uploads\/2023\/11\/tagesvorhang-yava-beschwerungsband-680x680.jpg\" width=\"680\" height=\"680\" alt=\"Rideau de jour YAVA (voile premium, blanc)\" class=\"slick-loading\"><\/a><a href=\"https:\/\/easycurtain.ch\/fr-ch\/onlineshop\/rideau-de-jour-yava-voile-premium-blanc\/\" class=\"woocommerce-LoopProduct-link woocommerce-loop-product__link\"><img data-lazy=\"https:\/\/easycurtain.ch\/wp-content\/uploads\/2023\/11\/tagesvorhang-yava-weiss-1-stoffmuster-680x680.jpg\" width=\"680\" height=\"680\" alt=\"Rideau de jour YAVA (voile premium, blanc)\" class=\"slick-loading\"><\/a><a href=\"https:\/\/easycurtain.ch\/fr-ch\/onlineshop\/rideau-de-jour-yava-voile-premium-blanc\/\" class=\"woocommerce-LoopProduct-link woocommerce-loop-product__link\"><img data-lazy=\"https:\/\/easycurtain.ch\/wp-content\/uploads\/2023\/11\/tagesvorhang-yava-vstoff-680x680.jpg\" width=\"680\" height=\"680\" alt=\"Rideau de jour YAVA (voile premium, blanc)\" class=\"slick-loading\"><\/a><a href=\"https:\/\/easycurtain.ch\/fr-ch\/onlineshop\/rideau-de-jour-yava-voile-premium-blanc\/\" class=\"woocommerce-LoopProduct-link woocommerce-loop-product__link\"><img data-lazy=\"https:\/\/easycurtain.ch\/wp-content\/uploads\/2023\/11\/tagesvorhang-yava-transparenz-680x680.jpg\" width=\"680\" height=\"680\" alt=\"Rideau de jour YAVA (voile premium, blanc)\" class=\"slick-loading\"><\/a><a href=\"https:\/\/easycurtain.ch\/fr-ch\/onlineshop\/rideau-de-jour-yava-voile-premium-blanc\/\" class=\"woocommerce-LoopProduct-link woocommerce-loop-product__link\"><img data-lazy=\"https:\/\/easycurtain.ch\/wp-content\/uploads\/2023\/11\/tagesvorhang-yava-stoff-struktur-680x680.jpg\" width=\"680\" height=\"680\" alt=\"Rideau de jour YAVA (voile premium, blanc)\" class=\"slick-loading\"><\/a><a href=\"https:\/\/easycurtain.ch\/fr-ch\/onlineshop\/rideau-de-jour-yava-voile-premium-blanc\/\" class=\"woocommerce-LoopProduct-link woocommerce-loop-product__link\"><img data-lazy=\"https:\/\/easycurtain.ch\/wp-content\/uploads\/2023\/11\/tagesvorhang-yava-konfektionsart-680x680.jpg\" width=\"680\" height=\"680\" alt=\"Rideau de jour YAVA (voile premium, blanc)\" class=\"slick-loading\"><\/a><\/div><div class=\"product-summary\"><h2 class=\"woocommerce-loop-product__title\"><a href=\"https:\/\/easycurtain.ch\/fr-ch\/onlineshop\/rideau-de-jour-yava-voile-premium-blanc\/\" class=\"woocommerce-LoopProduct-link woocommerce-loop-product__link\">Rideau de jour YAVA (voile premium, blanc)<\/a><\/h2>\n\t<span class=\"price\"><span class=\"woocommerce-Price-amount amount\"><bdi><span class=\"woocommerce-Price-currencySymbol\">&#67;&#72;&#70;<\/span>&nbsp;32.00<\/bdi><\/span><\/span>\n\n<div class=\"buttons clearfix\">\t<span id=\"woocommerce_loop_add_to_cart_link_describedby_101506\" class=\"screen-reader-text\">\n\t\t\t<\/span>\n<a href=\"?add-to-wishlist=101506\" class=\"wcboost-wishlist-button wcboost-wishlist-button--theme button wp-element-button wcboost-wishlist-button--ajax\" data-quantity=\"1\" data-product_id=\"101506\" aria-label=\"Add &ldquo;Rideau de jour YAVA (voile premium, blanc)&rdquo; to the wishlist\" rel=\"nofollow\"><span class=\"wcboost-wishlist-button__icon\"><span class=\"svg-icon icon-heart-o size-normal \"><svg role=\"img\"> <use href=\"#heart-o\" xlink:href=\"#heart-o\"><\/use> <\/svg><\/span><\/span><span class=\"wcboost-wishlist-button__text\">Ajouter \u00e0 la liste de souhaits<\/span><\/a><\/div><\/div><\/div><\/li>\n<\/ul><\/div><a href=\"https:\/\/easycurtain.ch\/fr-ch\/k\/rideaux-transparents\/\" title=\"vers les rideaux\" class=\"konte-button button-normal text-default align-inline normal   button square\">Vers les rideaux<\/a>[vc_empty_space][\/vc_column][\/vc_row][vc_row][vc_column][vc_separator][vc_column_text]<\/p>\n<h2>\u00c9chantillons de tissus<\/h2>\n<p>Comme service suppl\u00e9mentaire, nous serons ravis de t&#8217;envoyer des \u00e9chantillons de tissus gratuits chez toi. Tu peux ainsi tester en direct si le tissu s&#8217;adapte bien \u00e0 ton int\u00e9rieur. Pour que tu trouves vraiment les rideaux parfaits pour tes chambres ![\/vc_column_text]<a href=\"https:\/\/easycurtain.ch\/fr-ch\/echantillons-de-tissus\/\" title=\"Voir tous les \u00e9chantillons de tissus\" class=\"konte-button button-normal text-default align-inline normal   button square\">Voir tous les \u00e9chantillons de tissus<\/a>[vc_empty_space][\/vc_column][\/vc_row][vc_row][vc_column][vc_separator][vc_column_text]<\/p>\n<h2>Rideaux &#8211; bon march\u00e9 &amp; pratiques<\/h2>\n<p>Avec ces rideaux \u00e9l\u00e9gants, tu te prot\u00e8ges des regards pendant la journ\u00e9e tout en embellissant ton int\u00e9rieur. Le rideau parfait pour le salon.[\/vc_column_text]<div class=\"woocommerce columns-2 \"><ul class=\"products hover-slider columns-2\"><li class=\"product type-product post-101441 status-publish first instock product_cat-rideaux product_cat-rideaux-transparents product_tag-rideaux-de-jour product_tag-rideaux-en-lin has-post-thumbnail taxable shipping-taxable purchasable product-type-simple\">\n\t<div class=\"product-inner\"><div class=\"product-thumbnail product-thumbnails--slider\"><a href=\"https:\/\/easycurtain.ch\/fr-ch\/onlineshop\/rideau-de-jour-lyna-aspect-lin-colore\/\" class=\"woocommerce-LoopProduct-link woocommerce-loop-product__link\"><img loading=\"lazy\" decoding=\"async\" width=\"680\" height=\"680\" src=\"https:\/\/easycurtain.ch\/wp-content\/uploads\/2023\/11\/tagesvorhang-lyna-titelbild-2-1-680x680.jpg\" class=\"attachment-woocommerce_thumbnail size-woocommerce_thumbnail\" alt=\"Tagesvorhang LYNA - Titelbild\" srcset=\"https:\/\/easycurtain.ch\/wp-content\/uploads\/2023\/11\/tagesvorhang-lyna-titelbild-2-1-680x680.jpg 680w, https:\/\/easycurtain.ch\/wp-content\/uploads\/2023\/11\/tagesvorhang-lyna-titelbild-2-1-300x300.jpg 300w, https:\/\/easycurtain.ch\/wp-content\/uploads\/2023\/11\/tagesvorhang-lyna-titelbild-2-1-1024x1024.jpg 1024w, https:\/\/easycurtain.ch\/wp-content\/uploads\/2023\/11\/tagesvorhang-lyna-titelbild-2-1-150x150.jpg 150w, https:\/\/easycurtain.ch\/wp-content\/uploads\/2023\/11\/tagesvorhang-lyna-titelbild-2-1-768x768.jpg 768w, https:\/\/easycurtain.ch\/wp-content\/uploads\/2023\/11\/tagesvorhang-lyna-titelbild-2-1-840x840.jpg 840w, https:\/\/easycurtain.ch\/wp-content\/uploads\/2023\/11\/tagesvorhang-lyna-titelbild-2-1.jpg 1200w\" sizes=\"auto, (max-width: 680px) 100vw, 680px\" \/><\/a><a href=\"https:\/\/easycurtain.ch\/fr-ch\/onlineshop\/rideau-de-jour-lyna-aspect-lin-colore\/\" class=\"woocommerce-LoopProduct-link woocommerce-loop-product__link\"><img data-lazy=\"https:\/\/easycurtain.ch\/wp-content\/uploads\/2023\/11\/tagesvorhang-lyna-vorhang-geschlossen-2-680x680.jpg\" width=\"680\" height=\"680\" alt=\"Rideau de jour LYNA (aspect lin, color\u00e9)\" class=\"slick-loading\"><\/a><a href=\"https:\/\/easycurtain.ch\/fr-ch\/onlineshop\/rideau-de-jour-lyna-aspect-lin-colore\/\" class=\"woocommerce-LoopProduct-link woocommerce-loop-product__link\"><img data-lazy=\"https:\/\/easycurtain.ch\/wp-content\/uploads\/2023\/11\/tagesvorhang-lyna-vorhang-geschlossen-4-680x680.jpg\" width=\"680\" height=\"680\" alt=\"Rideau de jour LYNA (aspect lin, color\u00e9)\" class=\"slick-loading\"><\/a><a href=\"https:\/\/easycurtain.ch\/fr-ch\/onlineshop\/rideau-de-jour-lyna-aspect-lin-colore\/\" class=\"woocommerce-LoopProduct-link woocommerce-loop-product__link\"><img data-lazy=\"https:\/\/easycurtain.ch\/wp-content\/uploads\/2023\/11\/tagesvorhang-lyna-vorhang-halboffen-2-680x680.jpg\" width=\"680\" height=\"680\" alt=\"Rideau de jour LYNA (aspect lin, color\u00e9)\" class=\"slick-loading\"><\/a><a href=\"https:\/\/easycurtain.ch\/fr-ch\/onlineshop\/rideau-de-jour-lyna-aspect-lin-colore\/\" class=\"woocommerce-LoopProduct-link woocommerce-loop-product__link\"><img data-lazy=\"https:\/\/easycurtain.ch\/wp-content\/uploads\/2023\/11\/tagesvorhang-lyna-beschwerungsband-680x680.jpg\" width=\"680\" height=\"680\" alt=\"Rideau de jour LYNA (aspect lin, color\u00e9)\" class=\"slick-loading\"><\/a><a href=\"https:\/\/easycurtain.ch\/fr-ch\/onlineshop\/rideau-de-jour-lyna-aspect-lin-colore\/\" class=\"woocommerce-LoopProduct-link woocommerce-loop-product__link\"><img data-lazy=\"https:\/\/easycurtain.ch\/wp-content\/uploads\/2023\/11\/tagesvorhang-lyna-detail-680x680.jpg\" width=\"680\" height=\"680\" alt=\"Rideau de jour LYNA (aspect lin, color\u00e9)\" class=\"slick-loading\"><\/a><a href=\"https:\/\/easycurtain.ch\/fr-ch\/onlineshop\/rideau-de-jour-lyna-aspect-lin-colore\/\" class=\"woocommerce-LoopProduct-link woocommerce-loop-product__link\"><img data-lazy=\"https:\/\/easycurtain.ch\/wp-content\/uploads\/2023\/11\/tagesvorhang-lyna-stoffstruktur-2-680x680.jpg\" width=\"680\" height=\"680\" alt=\"Rideau de jour LYNA (aspect lin, color\u00e9)\" class=\"slick-loading\"><\/a><a href=\"https:\/\/easycurtain.ch\/fr-ch\/onlineshop\/rideau-de-jour-lyna-aspect-lin-colore\/\" class=\"woocommerce-LoopProduct-link woocommerce-loop-product__link\"><img data-lazy=\"https:\/\/easycurtain.ch\/wp-content\/uploads\/2023\/11\/tagesvorhang-lyna-vorhang-halboffen-3-680x680.jpg\" width=\"680\" height=\"680\" alt=\"Rideau de jour LYNA (aspect lin, color\u00e9)\" class=\"slick-loading\"><\/a><a href=\"https:\/\/easycurtain.ch\/fr-ch\/onlineshop\/rideau-de-jour-lyna-aspect-lin-colore\/\" class=\"woocommerce-LoopProduct-link woocommerce-loop-product__link\"><img data-lazy=\"https:\/\/easycurtain.ch\/wp-content\/uploads\/2023\/11\/tagesvorhang-lyna-vorhang-geschlossen-6-680x680.jpg\" width=\"680\" height=\"680\" alt=\"Rideau de jour LYNA (aspect lin, color\u00e9)\" class=\"slick-loading\"><\/a><a href=\"https:\/\/easycurtain.ch\/fr-ch\/onlineshop\/rideau-de-jour-lyna-aspect-lin-colore\/\" class=\"woocommerce-LoopProduct-link woocommerce-loop-product__link\"><img data-lazy=\"https:\/\/easycurtain.ch\/wp-content\/uploads\/2023\/11\/tagesvorhang-lyna-transparenz-6-680x680.jpg\" width=\"680\" height=\"680\" alt=\"Rideau de jour LYNA (aspect lin, color\u00e9)\" class=\"slick-loading\"><\/a><a href=\"https:\/\/easycurtain.ch\/fr-ch\/onlineshop\/rideau-de-jour-lyna-aspect-lin-colore\/\" class=\"woocommerce-LoopProduct-link woocommerce-loop-product__link\"><img data-lazy=\"https:\/\/easycurtain.ch\/wp-content\/uploads\/2023\/11\/tagesvorhang-lyna-transparenz-2-680x680.jpg\" width=\"680\" height=\"680\" alt=\"Rideau de jour LYNA (aspect lin, color\u00e9)\" class=\"slick-loading\"><\/a><a href=\"https:\/\/easycurtain.ch\/fr-ch\/onlineshop\/rideau-de-jour-lyna-aspect-lin-colore\/\" class=\"woocommerce-LoopProduct-link woocommerce-loop-product__link\"><img data-lazy=\"https:\/\/easycurtain.ch\/wp-content\/uploads\/2023\/11\/tagesvorhang-lyna-stoff-2-680x680.jpg\" width=\"680\" height=\"680\" alt=\"Rideau de jour LYNA (aspect lin, color\u00e9)\" class=\"slick-loading\"><\/a><a href=\"https:\/\/easycurtain.ch\/fr-ch\/onlineshop\/rideau-de-jour-lyna-aspect-lin-colore\/\" class=\"woocommerce-LoopProduct-link woocommerce-loop-product__link\"><img data-lazy=\"https:\/\/easycurtain.ch\/wp-content\/uploads\/2023\/11\/tagesvorhang-lyna-grau-stoffmuster-680x680.jpg\" width=\"680\" height=\"680\" alt=\"Rideau de jour LYNA (aspect lin, color\u00e9)\" class=\"slick-loading\"><\/a><a href=\"https:\/\/easycurtain.ch\/fr-ch\/onlineshop\/rideau-de-jour-lyna-aspect-lin-colore\/\" class=\"woocommerce-LoopProduct-link woocommerce-loop-product__link\"><img data-lazy=\"https:\/\/easycurtain.ch\/wp-content\/uploads\/2023\/11\/tagesvorhang-lyna-ecru-stoffmuster-680x680.jpg\" width=\"680\" height=\"680\" alt=\"Rideau de jour LYNA (aspect lin, color\u00e9)\" class=\"slick-loading\"><\/a><a href=\"https:\/\/easycurtain.ch\/fr-ch\/onlineshop\/rideau-de-jour-lyna-aspect-lin-colore\/\" class=\"woocommerce-LoopProduct-link woocommerce-loop-product__link\"><img data-lazy=\"https:\/\/easycurtain.ch\/wp-content\/uploads\/2023\/11\/tagesvorhang-lyna-weiss-stoffmuster-680x680.jpg\" width=\"680\" height=\"680\" alt=\"Rideau de jour LYNA (aspect lin, color\u00e9)\" class=\"slick-loading\"><\/a><a href=\"https:\/\/easycurtain.ch\/fr-ch\/onlineshop\/rideau-de-jour-lyna-aspect-lin-colore\/\" class=\"woocommerce-LoopProduct-link woocommerce-loop-product__link\"><img data-lazy=\"https:\/\/easycurtain.ch\/wp-content\/uploads\/2023\/11\/tagesvorhang-lyna-dunkelbraun-stoffmuster-680x680.jpg\" width=\"680\" height=\"680\" alt=\"Rideau de jour LYNA (aspect lin, color\u00e9)\" class=\"slick-loading\"><\/a><a href=\"https:\/\/easycurtain.ch\/fr-ch\/onlineshop\/rideau-de-jour-lyna-aspect-lin-colore\/\" class=\"woocommerce-LoopProduct-link woocommerce-loop-product__link\"><img data-lazy=\"https:\/\/easycurtain.ch\/wp-content\/uploads\/2023\/11\/tagesvorhang-lyna-braun-stoffmuster-680x680.jpg\" width=\"680\" height=\"680\" alt=\"Rideau de jour LYNA (aspect lin, color\u00e9)\" class=\"slick-loading\"><\/a><\/div><div class=\"product-summary\"><h2 class=\"woocommerce-loop-product__title\"><a href=\"https:\/\/easycurtain.ch\/fr-ch\/onlineshop\/rideau-de-jour-lyna-aspect-lin-colore\/\" class=\"woocommerce-LoopProduct-link woocommerce-loop-product__link\">Rideau de jour LYNA (aspect lin, color\u00e9)<\/a><\/h2>\n\t<span class=\"price\"><span class=\"woocommerce-Price-amount amount\"><bdi><span class=\"woocommerce-Price-currencySymbol\">&#67;&#72;&#70;<\/span>&nbsp;32.00<\/bdi><\/span><\/span>\n\n<div class=\"buttons clearfix\">\t<span id=\"woocommerce_loop_add_to_cart_link_describedby_101441\" class=\"screen-reader-text\">\n\t\t\t<\/span>\n<a href=\"?add-to-wishlist=101441\" class=\"wcboost-wishlist-button wcboost-wishlist-button--theme button wp-element-button wcboost-wishlist-button--ajax\" data-quantity=\"1\" data-product_id=\"101441\" aria-label=\"Add &ldquo;Rideau de jour LYNA (aspect lin, color\u00e9)&rdquo; to the wishlist\" rel=\"nofollow\"><span class=\"wcboost-wishlist-button__icon\"><span class=\"svg-icon icon-heart-o size-normal \"><svg role=\"img\"> <use href=\"#heart-o\" xlink:href=\"#heart-o\"><\/use> <\/svg><\/span><\/span><span class=\"wcboost-wishlist-button__text\">Ajouter \u00e0 la liste de souhaits<\/span><\/a><\/div><\/div><\/div><\/li>\n<li class=\"product type-product post-101506 status-publish last instock product_cat-rideaux product_cat-rideaux-transparents product_tag-premium-fr-ch product_tag-rideaux-de-jour has-post-thumbnail taxable shipping-taxable purchasable product-type-simple\">\n\t<div class=\"product-inner\"><div class=\"product-thumbnail product-thumbnails--slider\"><a href=\"https:\/\/easycurtain.ch\/fr-ch\/onlineshop\/rideau-de-jour-yava-voile-premium-blanc\/\" class=\"woocommerce-LoopProduct-link woocommerce-loop-product__link\"><img loading=\"lazy\" decoding=\"async\" width=\"680\" height=\"680\" src=\"https:\/\/easycurtain.ch\/wp-content\/uploads\/2023\/11\/tagesvorhang-yava-titelbild-680x680.jpg\" class=\"attachment-woocommerce_thumbnail size-woocommerce_thumbnail\" alt=\"Voilage YAVA\" srcset=\"https:\/\/easycurtain.ch\/wp-content\/uploads\/2023\/11\/tagesvorhang-yava-titelbild-680x680.jpg 680w, https:\/\/easycurtain.ch\/wp-content\/uploads\/2023\/11\/tagesvorhang-yava-titelbild-300x300.jpg 300w, https:\/\/easycurtain.ch\/wp-content\/uploads\/2023\/11\/tagesvorhang-yava-titelbild-1024x1024.jpg 1024w, https:\/\/easycurtain.ch\/wp-content\/uploads\/2023\/11\/tagesvorhang-yava-titelbild-150x150.jpg 150w, https:\/\/easycurtain.ch\/wp-content\/uploads\/2023\/11\/tagesvorhang-yava-titelbild-768x768.jpg 768w, https:\/\/easycurtain.ch\/wp-content\/uploads\/2023\/11\/tagesvorhang-yava-titelbild-840x840.jpg 840w, https:\/\/easycurtain.ch\/wp-content\/uploads\/2023\/11\/tagesvorhang-yava-titelbild.jpg 1200w\" sizes=\"auto, (max-width: 680px) 100vw, 680px\" \/><\/a><a href=\"https:\/\/easycurtain.ch\/fr-ch\/onlineshop\/rideau-de-jour-yava-voile-premium-blanc\/\" class=\"woocommerce-LoopProduct-link woocommerce-loop-product__link\"><img data-lazy=\"https:\/\/easycurtain.ch\/wp-content\/uploads\/2023\/11\/tagesvorhang-yava-vorhang-geschlossen-680x680.jpg\" width=\"680\" height=\"680\" alt=\"Rideau de jour YAVA (voile premium, blanc)\" class=\"slick-loading\"><\/a><a href=\"https:\/\/easycurtain.ch\/fr-ch\/onlineshop\/rideau-de-jour-yava-voile-premium-blanc\/\" class=\"woocommerce-LoopProduct-link woocommerce-loop-product__link\"><img data-lazy=\"https:\/\/easycurtain.ch\/wp-content\/uploads\/2023\/11\/tagesvorhang-yava-vorhang-offen-raumansicht-680x680.jpg\" width=\"680\" height=\"680\" alt=\"Rideau de jour YAVA (voile premium, blanc)\" class=\"slick-loading\"><\/a><a href=\"https:\/\/easycurtain.ch\/fr-ch\/onlineshop\/rideau-de-jour-yava-voile-premium-blanc\/\" class=\"woocommerce-LoopProduct-link woocommerce-loop-product__link\"><img data-lazy=\"https:\/\/easycurtain.ch\/wp-content\/uploads\/2023\/11\/tagesvorhang-yava-vorhang-halboffen-680x680.jpg\" width=\"680\" height=\"680\" alt=\"Rideau de jour YAVA (voile premium, blanc)\" class=\"slick-loading\"><\/a><a href=\"https:\/\/easycurtain.ch\/fr-ch\/onlineshop\/rideau-de-jour-yava-voile-premium-blanc\/\" class=\"woocommerce-LoopProduct-link woocommerce-loop-product__link\"><img data-lazy=\"https:\/\/easycurtain.ch\/wp-content\/uploads\/2023\/11\/tagesvorhang-yava-vorhang-offen-680x680.jpg\" width=\"680\" height=\"680\" alt=\"Rideau de jour YAVA (voile premium, blanc)\" class=\"slick-loading\"><\/a><a href=\"https:\/\/easycurtain.ch\/fr-ch\/onlineshop\/rideau-de-jour-yava-voile-premium-blanc\/\" class=\"woocommerce-LoopProduct-link woocommerce-loop-product__link\"><img data-lazy=\"https:\/\/easycurtain.ch\/wp-content\/uploads\/2023\/11\/tagesvorhang-yava-beschwerungsband-680x680.jpg\" width=\"680\" height=\"680\" alt=\"Rideau de jour YAVA (voile premium, blanc)\" class=\"slick-loading\"><\/a><a href=\"https:\/\/easycurtain.ch\/fr-ch\/onlineshop\/rideau-de-jour-yava-voile-premium-blanc\/\" class=\"woocommerce-LoopProduct-link woocommerce-loop-product__link\"><img data-lazy=\"https:\/\/easycurtain.ch\/wp-content\/uploads\/2023\/11\/tagesvorhang-yava-weiss-1-stoffmuster-680x680.jpg\" width=\"680\" height=\"680\" alt=\"Rideau de jour YAVA (voile premium, blanc)\" class=\"slick-loading\"><\/a><a href=\"https:\/\/easycurtain.ch\/fr-ch\/onlineshop\/rideau-de-jour-yava-voile-premium-blanc\/\" class=\"woocommerce-LoopProduct-link woocommerce-loop-product__link\"><img data-lazy=\"https:\/\/easycurtain.ch\/wp-content\/uploads\/2023\/11\/tagesvorhang-yava-vstoff-680x680.jpg\" width=\"680\" height=\"680\" alt=\"Rideau de jour YAVA (voile premium, blanc)\" class=\"slick-loading\"><\/a><a href=\"https:\/\/easycurtain.ch\/fr-ch\/onlineshop\/rideau-de-jour-yava-voile-premium-blanc\/\" class=\"woocommerce-LoopProduct-link woocommerce-loop-product__link\"><img data-lazy=\"https:\/\/easycurtain.ch\/wp-content\/uploads\/2023\/11\/tagesvorhang-yava-transparenz-680x680.jpg\" width=\"680\" height=\"680\" alt=\"Rideau de jour YAVA (voile premium, blanc)\" class=\"slick-loading\"><\/a><a href=\"https:\/\/easycurtain.ch\/fr-ch\/onlineshop\/rideau-de-jour-yava-voile-premium-blanc\/\" class=\"woocommerce-LoopProduct-link woocommerce-loop-product__link\"><img data-lazy=\"https:\/\/easycurtain.ch\/wp-content\/uploads\/2023\/11\/tagesvorhang-yava-stoff-struktur-680x680.jpg\" width=\"680\" height=\"680\" alt=\"Rideau de jour YAVA (voile premium, blanc)\" class=\"slick-loading\"><\/a><a href=\"https:\/\/easycurtain.ch\/fr-ch\/onlineshop\/rideau-de-jour-yava-voile-premium-blanc\/\" class=\"woocommerce-LoopProduct-link woocommerce-loop-product__link\"><img data-lazy=\"https:\/\/easycurtain.ch\/wp-content\/uploads\/2023\/11\/tagesvorhang-yava-konfektionsart-680x680.jpg\" width=\"680\" height=\"680\" alt=\"Rideau de jour YAVA (voile premium, blanc)\" class=\"slick-loading\"><\/a><\/div><div class=\"product-summary\"><h2 class=\"woocommerce-loop-product__title\"><a href=\"https:\/\/easycurtain.ch\/fr-ch\/onlineshop\/rideau-de-jour-yava-voile-premium-blanc\/\" class=\"woocommerce-LoopProduct-link woocommerce-loop-product__link\">Rideau de jour YAVA (voile premium, blanc)<\/a><\/h2>\n\t<span class=\"price\"><span class=\"woocommerce-Price-amount amount\"><bdi><span class=\"woocommerce-Price-currencySymbol\">&#67;&#72;&#70;<\/span>&nbsp;32.00<\/bdi><\/span><\/span>\n\n<div class=\"buttons clearfix\">\t<span id=\"woocommerce_loop_add_to_cart_link_describedby_101506\" class=\"screen-reader-text\">\n\t\t\t<\/span>\n<a href=\"?add-to-wishlist=101506\" class=\"wcboost-wishlist-button wcboost-wishlist-button--theme button wp-element-button wcboost-wishlist-button--ajax\" data-quantity=\"1\" data-product_id=\"101506\" aria-label=\"Add &ldquo;Rideau de jour YAVA (voile premium, blanc)&rdquo; to the wishlist\" rel=\"nofollow\"><span class=\"wcboost-wishlist-button__icon\"><span class=\"svg-icon icon-heart-o size-normal \"><svg role=\"img\"> <use href=\"#heart-o\" xlink:href=\"#heart-o\"><\/use> <\/svg><\/span><\/span><span class=\"wcboost-wishlist-button__text\">Ajouter \u00e0 la liste de souhaits<\/span><\/a><\/div><\/div><\/div><\/li>\n<li class=\"product type-product post-101406 status-publish first instock product_cat-rideaux product_cat-rideaux-transparents product_tag-rideaux-de-jour has-post-thumbnail featured taxable shipping-taxable purchasable product-type-simple\">\n\t<div class=\"product-inner\"><span class=\"woocommerce-badges woocommerce-badges--round\"><span class=\"featured woocommerce-badge\"><span>Hot<\/span><\/span><\/span><div class=\"product-thumbnail product-thumbnails--slider\"><a href=\"https:\/\/easycurtain.ch\/fr-ch\/onlineshop\/rideau-de-jour-lysa-voile-blanc\/\" class=\"woocommerce-LoopProduct-link woocommerce-loop-product__link\"><img loading=\"lazy\" decoding=\"async\" width=\"680\" height=\"680\" src=\"https:\/\/easycurtain.ch\/wp-content\/uploads\/2023\/11\/tagesvorhang-lysa-stoff-transparenz-3-1-680x680.jpg\" class=\"attachment-woocommerce_thumbnail size-woocommerce_thumbnail\" alt=\"Rideau de jour LYSA\" srcset=\"https:\/\/easycurtain.ch\/wp-content\/uploads\/2023\/11\/tagesvorhang-lysa-stoff-transparenz-3-1-680x680.jpg 680w, https:\/\/easycurtain.ch\/wp-content\/uploads\/2023\/11\/tagesvorhang-lysa-stoff-transparenz-3-1-300x300.jpg 300w, https:\/\/easycurtain.ch\/wp-content\/uploads\/2023\/11\/tagesvorhang-lysa-stoff-transparenz-3-1-1024x1024.jpg 1024w, https:\/\/easycurtain.ch\/wp-content\/uploads\/2023\/11\/tagesvorhang-lysa-stoff-transparenz-3-1-150x150.jpg 150w, https:\/\/easycurtain.ch\/wp-content\/uploads\/2023\/11\/tagesvorhang-lysa-stoff-transparenz-3-1-768x768.jpg 768w, https:\/\/easycurtain.ch\/wp-content\/uploads\/2023\/11\/tagesvorhang-lysa-stoff-transparenz-3-1-840x840.jpg 840w, https:\/\/easycurtain.ch\/wp-content\/uploads\/2023\/11\/tagesvorhang-lysa-stoff-transparenz-3-1.jpg 1200w\" sizes=\"auto, (max-width: 680px) 100vw, 680px\" \/><\/a><a href=\"https:\/\/easycurtain.ch\/fr-ch\/onlineshop\/rideau-de-jour-lysa-voile-blanc\/\" class=\"woocommerce-LoopProduct-link woocommerce-loop-product__link\"><img data-lazy=\"https:\/\/easycurtain.ch\/wp-content\/uploads\/2023\/11\/tagesvorhang-lysa-vorhang-halboffen-680x680.jpg\" width=\"680\" height=\"680\" alt=\"Rideau de jour LYSA (voile, blanc)\" class=\"slick-loading\"><\/a><a href=\"https:\/\/easycurtain.ch\/fr-ch\/onlineshop\/rideau-de-jour-lysa-voile-blanc\/\" class=\"woocommerce-LoopProduct-link woocommerce-loop-product__link\"><img data-lazy=\"https:\/\/easycurtain.ch\/wp-content\/uploads\/2023\/11\/tagesvorhang-lysa-vorhang-offen-680x680.jpg\" width=\"680\" height=\"680\" alt=\"Rideau de jour LYSA (voile, blanc)\" class=\"slick-loading\"><\/a><a href=\"https:\/\/easycurtain.ch\/fr-ch\/onlineshop\/rideau-de-jour-lysa-voile-blanc\/\" class=\"woocommerce-LoopProduct-link woocommerce-loop-product__link\"><img data-lazy=\"https:\/\/easycurtain.ch\/wp-content\/uploads\/2023\/11\/tagesvorhang-lysa-wellen-transparenz-680x680.jpg\" width=\"680\" height=\"680\" alt=\"Rideau de jour LYSA (voile, blanc)\" class=\"slick-loading\"><\/a><a href=\"https:\/\/easycurtain.ch\/fr-ch\/onlineshop\/rideau-de-jour-lysa-voile-blanc\/\" class=\"woocommerce-LoopProduct-link woocommerce-loop-product__link\"><img data-lazy=\"https:\/\/easycurtain.ch\/wp-content\/uploads\/2023\/11\/tagesvorhang-lysa-wellen-transparenz-1-680x680.jpg\" width=\"680\" height=\"680\" alt=\"Rideau de jour LYSA (voile, blanc)\" class=\"slick-loading\"><\/a><a href=\"https:\/\/easycurtain.ch\/fr-ch\/onlineshop\/rideau-de-jour-lysa-voile-blanc\/\" class=\"woocommerce-LoopProduct-link woocommerce-loop-product__link\"><img data-lazy=\"https:\/\/easycurtain.ch\/wp-content\/uploads\/2023\/11\/tagesvorhang-lysa-wellen-beschwerungsband-680x680.jpg\" width=\"680\" height=\"680\" alt=\"Rideau de jour LYSA (voile, blanc)\" class=\"slick-loading\"><\/a><a href=\"https:\/\/easycurtain.ch\/fr-ch\/onlineshop\/rideau-de-jour-lysa-voile-blanc\/\" class=\"woocommerce-LoopProduct-link woocommerce-loop-product__link\"><img data-lazy=\"https:\/\/easycurtain.ch\/wp-content\/uploads\/2023\/11\/tagesvorhang-lysa-stoff-transparenz-1-680x680.jpg\" width=\"680\" height=\"680\" alt=\"Rideau de jour LYSA (voile, blanc)\" class=\"slick-loading\"><\/a><a href=\"https:\/\/easycurtain.ch\/fr-ch\/onlineshop\/rideau-de-jour-lysa-voile-blanc\/\" class=\"woocommerce-LoopProduct-link woocommerce-loop-product__link\"><img data-lazy=\"https:\/\/easycurtain.ch\/wp-content\/uploads\/2023\/11\/tagesvorhang-lysa-weiss-1-stoffmuster-680x680.jpg\" width=\"680\" height=\"680\" alt=\"Rideau de jour LYSA (voile, blanc)\" class=\"slick-loading\"><\/a><a href=\"https:\/\/easycurtain.ch\/fr-ch\/onlineshop\/rideau-de-jour-lysa-voile-blanc\/\" class=\"woocommerce-LoopProduct-link woocommerce-loop-product__link\"><img data-lazy=\"https:\/\/easycurtain.ch\/wp-content\/uploads\/2023\/11\/tagesvorhang-lysa-vorhang-halboffen-3-680x680.jpg\" width=\"680\" height=\"680\" alt=\"Rideau de jour LYSA (voile, blanc)\" class=\"slick-loading\"><\/a><a href=\"https:\/\/easycurtain.ch\/fr-ch\/onlineshop\/rideau-de-jour-lysa-voile-blanc\/\" class=\"woocommerce-LoopProduct-link woocommerce-loop-product__link\"><img data-lazy=\"https:\/\/easycurtain.ch\/wp-content\/uploads\/2023\/11\/tagesvorhang-lysa-stoff-680x680.jpg\" width=\"680\" height=\"680\" alt=\"Rideau de jour LYSA (voile, blanc)\" class=\"slick-loading\"><\/a><a href=\"https:\/\/easycurtain.ch\/fr-ch\/onlineshop\/rideau-de-jour-lysa-voile-blanc\/\" class=\"woocommerce-LoopProduct-link woocommerce-loop-product__link\"><img data-lazy=\"https:\/\/easycurtain.ch\/wp-content\/uploads\/2023\/11\/tagesvorhang-lysa-vorhang-halboffen-2-680x680.jpg\" width=\"680\" height=\"680\" alt=\"Rideau de jour LYSA (voile, blanc)\" class=\"slick-loading\"><\/a><a href=\"https:\/\/easycurtain.ch\/fr-ch\/onlineshop\/rideau-de-jour-lysa-voile-blanc\/\" class=\"woocommerce-LoopProduct-link woocommerce-loop-product__link\"><img data-lazy=\"https:\/\/easycurtain.ch\/wp-content\/uploads\/2023\/11\/tagesvorhang-lysa-vorhang-geschlossen-680x680.jpg\" width=\"680\" height=\"680\" alt=\"Rideau de jour LYSA (voile, blanc)\" class=\"slick-loading\"><\/a><a href=\"https:\/\/easycurtain.ch\/fr-ch\/onlineshop\/rideau-de-jour-lysa-voile-blanc\/\" class=\"woocommerce-LoopProduct-link woocommerce-loop-product__link\"><img data-lazy=\"https:\/\/easycurtain.ch\/wp-content\/uploads\/2023\/11\/tagesvorhang-lysa-transparenz-680x680.jpg\" width=\"680\" height=\"680\" alt=\"Rideau de jour LYSA (voile, blanc)\" class=\"slick-loading\"><\/a><a href=\"https:\/\/easycurtain.ch\/fr-ch\/onlineshop\/rideau-de-jour-lysa-voile-blanc\/\" class=\"woocommerce-LoopProduct-link woocommerce-loop-product__link\"><img data-lazy=\"https:\/\/easycurtain.ch\/wp-content\/uploads\/2023\/11\/tagesvorhang-lysa-stoff-transparenz-680x680.jpg\" width=\"680\" height=\"680\" alt=\"Rideau de jour LYSA (voile, blanc)\" class=\"slick-loading\"><\/a><a href=\"https:\/\/easycurtain.ch\/fr-ch\/onlineshop\/rideau-de-jour-lysa-voile-blanc\/\" class=\"woocommerce-LoopProduct-link woocommerce-loop-product__link\"><img data-lazy=\"https:\/\/easycurtain.ch\/wp-content\/uploads\/2023\/11\/tagesvorhang-lysa-stoff-transparenz-2-680x680.jpg\" width=\"680\" height=\"680\" alt=\"Rideau de jour LYSA (voile, blanc)\" class=\"slick-loading\"><\/a><\/div><div class=\"product-summary\"><h2 class=\"woocommerce-loop-product__title\"><a href=\"https:\/\/easycurtain.ch\/fr-ch\/onlineshop\/rideau-de-jour-lysa-voile-blanc\/\" class=\"woocommerce-LoopProduct-link woocommerce-loop-product__link\">Rideau de jour LYSA (voile, blanc)<\/a><\/h2>\n\t<span class=\"price\"><span class=\"woocommerce-Price-amount amount\"><bdi><span class=\"woocommerce-Price-currencySymbol\">&#67;&#72;&#70;<\/span>&nbsp;26.00<\/bdi><\/span><\/span>\n\n<div class=\"buttons clearfix\">\t<span id=\"woocommerce_loop_add_to_cart_link_describedby_101406\" class=\"screen-reader-text\">\n\t\t\t<\/span>\n<a href=\"?add-to-wishlist=101406\" class=\"wcboost-wishlist-button wcboost-wishlist-button--theme button wp-element-button wcboost-wishlist-button--ajax\" data-quantity=\"1\" data-product_id=\"101406\" aria-label=\"Add &ldquo;Rideau de jour LYSA (voile, blanc)&rdquo; to the wishlist\" rel=\"nofollow\"><span class=\"wcboost-wishlist-button__icon\"><span class=\"svg-icon icon-heart-o size-normal \"><svg role=\"img\"> <use href=\"#heart-o\" xlink:href=\"#heart-o\"><\/use> <\/svg><\/span><\/span><span class=\"wcboost-wishlist-button__text\">Ajouter \u00e0 la liste de souhaits<\/span><\/a><\/div><\/div><\/div><\/li>\n<\/ul><\/div><a href=\"https:\/\/easycurtain.ch\/fr-ch\/k\/rideaux-transparents\/\" title=\"vers les rideaux\" class=\"konte-button button-normal text-default align-inline normal   button square\">Vers les rideaux<\/a>[vc_empty_space][\/vc_column][\/vc_row][vc_row][vc_column][vc_separator][vc_column_text]<\/p>\n<h2>Acheter des rideaux de nuit en ligne<\/h2>\n<p>Le rideau de nuit te prot\u00e8ge \u00e9galement des regards le soir et est donc le rideau parfait pour la chambre \u00e0 coucher. Et elle a une super silhouette. Viens voir par toi-m\u00eame :[\/vc_column_text]<div class=\"woocommerce columns-2 \"><ul class=\"products hover-slider columns-2\"><li class=\"product type-product post-101590 status-publish first instock product_cat-rideaux product_cat-rideaux-opaques product_tag-rideaux-de-nuit has-post-thumbnail featured taxable shipping-taxable purchasable product-type-simple\">\n\t<div class=\"product-inner\"><span class=\"woocommerce-badges woocommerce-badges--round\"><span class=\"featured woocommerce-badge\"><span>Hot<\/span><\/span><\/span><div class=\"product-thumbnail product-thumbnails--slider\"><a href=\"https:\/\/easycurtain.ch\/fr-ch\/onlineshop\/rideau-de-nuit-myra-opaque-colore\/\" class=\"woocommerce-LoopProduct-link woocommerce-loop-product__link\"><img loading=\"lazy\" decoding=\"async\" width=\"680\" height=\"680\" src=\"https:\/\/easycurtain.ch\/wp-content\/uploads\/2023\/11\/nachtvorhang-myra-titelbild-680x680.jpg\" class=\"attachment-woocommerce_thumbnail size-woocommerce_thumbnail\" alt=\"Rideau de nuit MYRA\" srcset=\"https:\/\/easycurtain.ch\/wp-content\/uploads\/2023\/11\/nachtvorhang-myra-titelbild-680x680.jpg 680w, https:\/\/easycurtain.ch\/wp-content\/uploads\/2023\/11\/nachtvorhang-myra-titelbild-300x300.jpg 300w, https:\/\/easycurtain.ch\/wp-content\/uploads\/2023\/11\/nachtvorhang-myra-titelbild-1024x1024.jpg 1024w, https:\/\/easycurtain.ch\/wp-content\/uploads\/2023\/11\/nachtvorhang-myra-titelbild-150x150.jpg 150w, https:\/\/easycurtain.ch\/wp-content\/uploads\/2023\/11\/nachtvorhang-myra-titelbild-768x768.jpg 768w, https:\/\/easycurtain.ch\/wp-content\/uploads\/2023\/11\/nachtvorhang-myra-titelbild-840x840.jpg 840w, https:\/\/easycurtain.ch\/wp-content\/uploads\/2023\/11\/nachtvorhang-myra-titelbild.jpg 1200w\" sizes=\"auto, (max-width: 680px) 100vw, 680px\" \/><\/a><a href=\"https:\/\/easycurtain.ch\/fr-ch\/onlineshop\/rideau-de-nuit-myra-opaque-colore\/\" class=\"woocommerce-LoopProduct-link woocommerce-loop-product__link\"><img data-lazy=\"https:\/\/easycurtain.ch\/wp-content\/uploads\/2023\/11\/nachtvorhang-myra-vorhang-halboffen-680x680.jpg\" width=\"680\" height=\"680\" alt=\"Rideau de nuit MYRA (opaque, color\u00e9)\" class=\"slick-loading\"><\/a><a href=\"https:\/\/easycurtain.ch\/fr-ch\/onlineshop\/rideau-de-nuit-myra-opaque-colore\/\" class=\"woocommerce-LoopProduct-link woocommerce-loop-product__link\"><img data-lazy=\"https:\/\/easycurtain.ch\/wp-content\/uploads\/2023\/11\/nachtvorhang-myra-stoff-wellen-680x680.jpg\" width=\"680\" height=\"680\" alt=\"Rideau de nuit MYRA (opaque, color\u00e9)\" class=\"slick-loading\"><\/a><a href=\"https:\/\/easycurtain.ch\/fr-ch\/onlineshop\/rideau-de-nuit-myra-opaque-colore\/\" class=\"woocommerce-LoopProduct-link woocommerce-loop-product__link\"><img data-lazy=\"https:\/\/easycurtain.ch\/wp-content\/uploads\/2023\/11\/nachtvorhang-myra-vorhang-offen-680x680.jpg\" width=\"680\" height=\"680\" alt=\"Rideau de nuit MYRA (opaque, color\u00e9)\" class=\"slick-loading\"><\/a><a href=\"https:\/\/easycurtain.ch\/fr-ch\/onlineshop\/rideau-de-nuit-myra-opaque-colore\/\" class=\"woocommerce-LoopProduct-link woocommerce-loop-product__link\"><img data-lazy=\"https:\/\/easycurtain.ch\/wp-content\/uploads\/2023\/11\/nachtvorhang-myra-vorhang-offen-1-680x680.jpg\" width=\"680\" height=\"680\" alt=\"Rideau de nuit MYRA (opaque, color\u00e9)\" class=\"slick-loading\"><\/a><a href=\"https:\/\/easycurtain.ch\/fr-ch\/onlineshop\/rideau-de-nuit-myra-opaque-colore\/\" class=\"woocommerce-LoopProduct-link woocommerce-loop-product__link\"><img data-lazy=\"https:\/\/easycurtain.ch\/wp-content\/uploads\/2023\/11\/nachtvorhang-myra-vorhang-halboffen-1-680x680.jpg\" width=\"680\" height=\"680\" alt=\"Rideau de nuit MYRA (opaque, color\u00e9)\" class=\"slick-loading\"><\/a><a href=\"https:\/\/easycurtain.ch\/fr-ch\/onlineshop\/rideau-de-nuit-myra-opaque-colore\/\" class=\"woocommerce-LoopProduct-link woocommerce-loop-product__link\"><img data-lazy=\"https:\/\/easycurtain.ch\/wp-content\/uploads\/2023\/11\/nachtvorhang-myra-vorhang-geschlossen-680x680.jpg\" width=\"680\" height=\"680\" alt=\"Rideau de nuit MYRA (opaque, color\u00e9)\" class=\"slick-loading\"><\/a><a href=\"https:\/\/easycurtain.ch\/fr-ch\/onlineshop\/rideau-de-nuit-myra-opaque-colore\/\" class=\"woocommerce-LoopProduct-link woocommerce-loop-product__link\"><img data-lazy=\"https:\/\/easycurtain.ch\/wp-content\/uploads\/2023\/11\/nachtvorhang-myra-vorhang-geschlossen-raumansicht-680x680.jpg\" width=\"680\" height=\"680\" alt=\"Rideau de nuit MYRA (opaque, color\u00e9)\" class=\"slick-loading\"><\/a><a href=\"https:\/\/easycurtain.ch\/fr-ch\/onlineshop\/rideau-de-nuit-myra-opaque-colore\/\" class=\"woocommerce-LoopProduct-link woocommerce-loop-product__link\"><img data-lazy=\"https:\/\/easycurtain.ch\/wp-content\/uploads\/2023\/11\/nachtvorhang-myra-transparenz-680x680.jpg\" width=\"680\" height=\"680\" alt=\"Rideau de nuit MYRA (opaque, color\u00e9)\" class=\"slick-loading\"><\/a><a href=\"https:\/\/easycurtain.ch\/fr-ch\/onlineshop\/rideau-de-nuit-myra-opaque-colore\/\" class=\"woocommerce-LoopProduct-link woocommerce-loop-product__link\"><img data-lazy=\"https:\/\/easycurtain.ch\/wp-content\/uploads\/2023\/11\/nachtvorhang-myra-beschwerungsband-680x680.jpg\" width=\"680\" height=\"680\" alt=\"Rideau de nuit MYRA (opaque, color\u00e9)\" class=\"slick-loading\"><\/a><a href=\"https:\/\/easycurtain.ch\/fr-ch\/onlineshop\/rideau-de-nuit-myra-opaque-colore\/\" class=\"woocommerce-LoopProduct-link woocommerce-loop-product__link\"><img data-lazy=\"https:\/\/easycurtain.ch\/wp-content\/uploads\/2023\/11\/nachtvorhang-myra-stoff-680x680.jpg\" width=\"680\" height=\"680\" alt=\"Rideau de nuit MYRA (opaque, color\u00e9)\" class=\"slick-loading\"><\/a><a href=\"https:\/\/easycurtain.ch\/fr-ch\/onlineshop\/rideau-de-nuit-myra-opaque-colore\/\" class=\"woocommerce-LoopProduct-link woocommerce-loop-product__link\"><img data-lazy=\"https:\/\/easycurtain.ch\/wp-content\/uploads\/2023\/11\/nachtvorhang-myra-raumansicht-680x680.jpg\" width=\"680\" height=\"680\" alt=\"Rideau de nuit MYRA (opaque, color\u00e9)\" class=\"slick-loading\"><\/a><a href=\"https:\/\/easycurtain.ch\/fr-ch\/onlineshop\/rideau-de-nuit-myra-opaque-colore\/\" class=\"woocommerce-LoopProduct-link woocommerce-loop-product__link\"><img data-lazy=\"https:\/\/easycurtain.ch\/wp-content\/uploads\/2023\/11\/nachtvorhang-myra-raumansicht-1-680x680.jpg\" width=\"680\" height=\"680\" alt=\"Rideau de nuit MYRA (opaque, color\u00e9)\" class=\"slick-loading\"><\/a><a href=\"https:\/\/easycurtain.ch\/fr-ch\/onlineshop\/rideau-de-nuit-myra-opaque-colore\/\" class=\"woocommerce-LoopProduct-link woocommerce-loop-product__link\"><img data-lazy=\"https:\/\/easycurtain.ch\/wp-content\/uploads\/2023\/11\/nachtvorhang-myra-weiss-stoffmuster-680x680.jpg\" width=\"680\" height=\"680\" alt=\"Rideau de nuit MYRA (opaque, color\u00e9)\" class=\"slick-loading\"><\/a><a href=\"https:\/\/easycurtain.ch\/fr-ch\/onlineshop\/rideau-de-nuit-myra-opaque-colore\/\" class=\"woocommerce-LoopProduct-link woocommerce-loop-product__link\"><img data-lazy=\"https:\/\/easycurtain.ch\/wp-content\/uploads\/2023\/11\/nachtvorhang-myra-schwarz-stoffmuster-680x680.jpg\" width=\"680\" height=\"680\" alt=\"Rideau de nuit MYRA (opaque, color\u00e9)\" class=\"slick-loading\"><\/a><a href=\"https:\/\/easycurtain.ch\/fr-ch\/onlineshop\/rideau-de-nuit-myra-opaque-colore\/\" class=\"woocommerce-LoopProduct-link woocommerce-loop-product__link\"><img data-lazy=\"https:\/\/easycurtain.ch\/wp-content\/uploads\/2023\/11\/nachtvorhang-myra-hellbeige-stoffmuster-680x680.jpg\" width=\"680\" height=\"680\" alt=\"Rideau de nuit MYRA (opaque, color\u00e9)\" class=\"slick-loading\"><\/a><a href=\"https:\/\/easycurtain.ch\/fr-ch\/onlineshop\/rideau-de-nuit-myra-opaque-colore\/\" class=\"woocommerce-LoopProduct-link woocommerce-loop-product__link\"><img data-lazy=\"https:\/\/easycurtain.ch\/wp-content\/uploads\/2023\/11\/nachtvorhang-myra-grau-stoffmuster-680x680.jpg\" width=\"680\" height=\"680\" alt=\"Rideau de nuit MYRA (opaque, color\u00e9)\" class=\"slick-loading\"><\/a><a href=\"https:\/\/easycurtain.ch\/fr-ch\/onlineshop\/rideau-de-nuit-myra-opaque-colore\/\" class=\"woocommerce-LoopProduct-link woocommerce-loop-product__link\"><img data-lazy=\"https:\/\/easycurtain.ch\/wp-content\/uploads\/2023\/11\/nachtvorhang-myra-beige-stoffmuster-680x680.jpg\" width=\"680\" height=\"680\" alt=\"Rideau de nuit MYRA (opaque, color\u00e9)\" class=\"slick-loading\"><\/a><\/div><div class=\"product-summary\"><h2 class=\"woocommerce-loop-product__title\"><a href=\"https:\/\/easycurtain.ch\/fr-ch\/onlineshop\/rideau-de-nuit-myra-opaque-colore\/\" class=\"woocommerce-LoopProduct-link woocommerce-loop-product__link\">Rideau de nuit MYRA (opaque, color\u00e9)<\/a><\/h2>\n\t<span class=\"price\"><span class=\"woocommerce-Price-amount amount\"><bdi><span class=\"woocommerce-Price-currencySymbol\">&#67;&#72;&#70;<\/span>&nbsp;41.00<\/bdi><\/span><\/span>\n\n<div class=\"buttons clearfix\">\t<span id=\"woocommerce_loop_add_to_cart_link_describedby_101590\" class=\"screen-reader-text\">\n\t\t\t<\/span>\n<a href=\"?add-to-wishlist=101590\" class=\"wcboost-wishlist-button wcboost-wishlist-button--theme button wp-element-button wcboost-wishlist-button--ajax\" data-quantity=\"1\" data-product_id=\"101590\" aria-label=\"Add &ldquo;Rideau de nuit MYRA (opaque, color\u00e9)&rdquo; to the wishlist\" rel=\"nofollow\"><span class=\"wcboost-wishlist-button__icon\"><span class=\"svg-icon icon-heart-o size-normal \"><svg role=\"img\"> <use href=\"#heart-o\" xlink:href=\"#heart-o\"><\/use> <\/svg><\/span><\/span><span class=\"wcboost-wishlist-button__text\">Ajouter \u00e0 la liste de souhaits<\/span><\/a><\/div><\/div><\/div><\/li>\n<\/ul><\/div><a href=\"https:\/\/easycurtain.ch\/fr-ch\/k\/rideaux-opaques\/\" title=\"Vers les rideaux de nuit\" class=\"konte-button button-normal text-default align-inline normal   button square\">Vers les rideaux de nuit<\/a>[vc_empty_space][\/vc_column][\/vc_row]<\/p>\n<\/div>","protected":false},"excerpt":{"rendered":"<p>[vc_row][vc_column width=&#8221;1\/2&#8243;][vc_single_image image=&#8221;100473&#8243; img_size=&#8221;large&#8221; title=&#8221;de haute qualit\u00e9 &amp; bon march\u00e9&#8221;][\/vc_column][vc_column width=&#8221;1\/2&#8243;][vc_column_text css=&#8221;.vc_custom_1699008487719{margin-bottom: 0px !important;border-bottom-width: 0px !important;padding-bottom: 0px !important;}&#8221;] Rideaux pas chers Tu cherches des rideaux bon march\u00e9, mais tu ne&hellip;<\/p>\n","protected":false},"author":1,"featured_media":0,"comment_status":"closed","ping_status":"closed","sticky":false,"template":"","format":"standard","meta":{"_acf_changed":false,"footnotes":""},"categories":[345,354,350,592,353],"tags":[],"class_list":["post-103600","post","type-post","status-publish","format-standard","hentry","category-generalites","category-rideaux-de-jour","category-rideaux-occultants","category-rideaux-opaques","category-rideaux-sur-mesure"],"acf":[],"yoast_head":"<!-- This site is optimized with the Yoast SEO plugin v27.1.1 - https:\/\/yoast.com\/product\/yoast-seo-wordpress\/ -->\n<title>Rideaux pas chers - easyCurtain<\/title>\n<meta name=\"robots\" content=\"index, follow, max-snippet:-1, max-image-preview:large, max-video-preview:-1\" \/>\n<link rel=\"canonical\" href=\"https:\/\/easycurtain.ch\/fr-ch\/rideaux-pas-chers-3\/\" \/>\n<meta property=\"og:locale\" content=\"fr_FR\" \/>\n<meta property=\"og:type\" content=\"article\" \/>\n<meta property=\"og:title\" content=\"Rideaux pas chers - easyCurtain\" \/>\n<meta property=\"og:description\" content=\"[vc_row][vc_column width=&#8221;1\/2&#8243;][vc_single_image image=&#8221;100473&#8243; img_size=&#8221;large&#8221; title=&#8221;de haute qualit\u00e9 &amp; bon march\u00e9&#8221;][\/vc_column][vc_column width=&#8221;1\/2&#8243;][vc_column_text css=&#8221;.vc_custom_1699008487719{margin-bottom: 0px !important;border-bottom-width: 0px !important;padding-bottom: 0px !important;}&#8221;] Rideaux pas chers Tu cherches des rideaux bon march\u00e9, mais tu ne&hellip;\" \/>\n<meta property=\"og:url\" content=\"https:\/\/easycurtain.ch\/fr-ch\/rideaux-pas-chers-3\/\" \/>\n<meta property=\"og:site_name\" content=\"easyCurtain\" \/>\n<meta property=\"article:published_time\" content=\"2015-08-11T11:18:57+00:00\" \/>\n<meta property=\"article:modified_time\" content=\"2023-11-21T15:31:20+00:00\" \/>\n<meta name=\"author\" content=\"admin\" \/>\n<meta name=\"twitter:card\" content=\"summary_large_image\" \/>\n<meta name=\"twitter:label1\" content=\"Written by\" \/>\n\t<meta name=\"twitter:data1\" content=\"admin\" \/>\n\t<meta name=\"twitter:label2\" content=\"Est. reading time\" \/>\n\t<meta name=\"twitter:data2\" content=\"3 minutes\" \/>\n<script type=\"application\/ld+json\" class=\"yoast-schema-graph\">{\"@context\":\"https:\/\/schema.org\",\"@graph\":[{\"@type\":\"Article\",\"@id\":\"https:\/\/easycurtain.ch\/fr-ch\/rideaux-pas-chers-3\/#article\",\"isPartOf\":{\"@id\":\"https:\/\/easycurtain.ch\/fr-ch\/rideaux-pas-chers-3\/\"},\"author\":{\"name\":\"admin\",\"@id\":\"https:\/\/easycurtain.ch\/fr-ch\/#\/schema\/person\/1f959e8be40e714bbfa015f2bd04eac5\"},\"headline\":\"Rideaux pas chers\",\"datePublished\":\"2015-08-11T11:18:57+00:00\",\"dateModified\":\"2023-11-21T15:31:20+00:00\",\"mainEntityOfPage\":{\"@id\":\"https:\/\/easycurtain.ch\/fr-ch\/rideaux-pas-chers-3\/\"},\"wordCount\":564,\"publisher\":{\"@id\":\"https:\/\/easycurtain.ch\/fr-ch\/#organization\"},\"articleSection\":[\"G\u00e9n\u00e9ralit\u00e9s\",\"Rideaux de jour\",\"Rideaux occultants\",\"Rideaux opaques\",\"Rideaux sur mesure\"],\"inLanguage\":\"fr-CH\"},{\"@type\":\"WebPage\",\"@id\":\"https:\/\/easycurtain.ch\/fr-ch\/rideaux-pas-chers-3\/\",\"url\":\"https:\/\/easycurtain.ch\/fr-ch\/rideaux-pas-chers-3\/\",\"name\":\"Rideaux pas chers - easyCurtain\",\"isPartOf\":{\"@id\":\"https:\/\/easycurtain.ch\/fr-ch\/#website\"},\"datePublished\":\"2015-08-11T11:18:57+00:00\",\"dateModified\":\"2023-11-21T15:31:20+00:00\",\"breadcrumb\":{\"@id\":\"https:\/\/easycurtain.ch\/fr-ch\/rideaux-pas-chers-3\/#breadcrumb\"},\"inLanguage\":\"fr-CH\",\"potentialAction\":[{\"@type\":\"ReadAction\",\"target\":[\"https:\/\/easycurtain.ch\/fr-ch\/rideaux-pas-chers-3\/\"]}]},{\"@type\":\"BreadcrumbList\",\"@id\":\"https:\/\/easycurtain.ch\/fr-ch\/rideaux-pas-chers-3\/#breadcrumb\",\"itemListElement\":[{\"@type\":\"ListItem\",\"position\":1,\"name\":\"Home\",\"item\":\"https:\/\/easycurtain.ch\/fr-ch\/?page_id=101168\"},{\"@type\":\"ListItem\",\"position\":2,\"name\":\"Rideaux pas chers\"}]},{\"@type\":\"WebSite\",\"@id\":\"https:\/\/easycurtain.ch\/fr-ch\/#website\",\"url\":\"https:\/\/easycurtain.ch\/fr-ch\/\",\"name\":\"easyCurtain\",\"description\":\"Superbes rideaux. Petits prix.\",\"publisher\":{\"@id\":\"https:\/\/easycurtain.ch\/fr-ch\/#organization\"},\"potentialAction\":[{\"@type\":\"SearchAction\",\"target\":{\"@type\":\"EntryPoint\",\"urlTemplate\":\"https:\/\/easycurtain.ch\/fr-ch\/?s={search_term_string}\"},\"query-input\":{\"@type\":\"PropertyValueSpecification\",\"valueRequired\":true,\"valueName\":\"search_term_string\"}}],\"inLanguage\":\"fr-CH\"},{\"@type\":\"Organization\",\"@id\":\"https:\/\/easycurtain.ch\/fr-ch\/#organization\",\"name\":\"easyCurtain\",\"url\":\"https:\/\/easycurtain.ch\/fr-ch\/\",\"logo\":{\"@type\":\"ImageObject\",\"inLanguage\":\"fr-CH\",\"@id\":\"https:\/\/easycurtain.ch\/fr-ch\/#\/schema\/logo\/image\/\",\"url\":\"https:\/\/easycurtain.ch\/wp-content\/uploads\/2023\/09\/logo-easycurtain-massvorhang-online-1.png\",\"contentUrl\":\"https:\/\/easycurtain.ch\/wp-content\/uploads\/2023\/09\/logo-easycurtain-massvorhang-online-1.png\",\"width\":600,\"height\":138,\"caption\":\"easyCurtain\"},\"image\":{\"@id\":\"https:\/\/easycurtain.ch\/fr-ch\/#\/schema\/logo\/image\/\"}},{\"@type\":\"Person\",\"@id\":\"https:\/\/easycurtain.ch\/fr-ch\/#\/schema\/person\/1f959e8be40e714bbfa015f2bd04eac5\",\"name\":\"admin\",\"image\":{\"@type\":\"ImageObject\",\"inLanguage\":\"fr-CH\",\"@id\":\"https:\/\/easycurtain.ch\/fr-ch\/#\/schema\/person\/image\/\",\"url\":\"https:\/\/secure.gravatar.com\/avatar\/cb069bea1457d574e89db43b42221dcedd7d4dea32b0877881cda3e42eedb691?s=96&d=mm&r=g\",\"contentUrl\":\"https:\/\/secure.gravatar.com\/avatar\/cb069bea1457d574e89db43b42221dcedd7d4dea32b0877881cda3e42eedb691?s=96&d=mm&r=g\",\"caption\":\"admin\"},\"sameAs\":[\"https:\/\/easycurtain.ch\"],\"url\":\"https:\/\/easycurtain.ch\/fr-ch\/author\/admin\/\"}]}<\/script>\n<!-- \/ Yoast SEO plugin. -->","yoast_head_json":{"title":"Rideaux pas chers - easyCurtain","robots":{"index":"index","follow":"follow","max-snippet":"max-snippet:-1","max-image-preview":"max-image-preview:large","max-video-preview":"max-video-preview:-1"},"canonical":"https:\/\/easycurtain.ch\/fr-ch\/rideaux-pas-chers-3\/","og_locale":"fr_FR","og_type":"article","og_title":"Rideaux pas chers - easyCurtain","og_description":"[vc_row][vc_column width=&#8221;1\/2&#8243;][vc_single_image image=&#8221;100473&#8243; img_size=&#8221;large&#8221; title=&#8221;de haute qualit\u00e9 &amp; bon march\u00e9&#8221;][\/vc_column][vc_column width=&#8221;1\/2&#8243;][vc_column_text css=&#8221;.vc_custom_1699008487719{margin-bottom: 0px !important;border-bottom-width: 0px !important;padding-bottom: 0px !important;}&#8221;] Rideaux pas chers Tu cherches des rideaux bon march\u00e9, mais tu ne&hellip;","og_url":"https:\/\/easycurtain.ch\/fr-ch\/rideaux-pas-chers-3\/","og_site_name":"easyCurtain","article_published_time":"2015-08-11T11:18:57+00:00","article_modified_time":"2023-11-21T15:31:20+00:00","author":"admin","twitter_card":"summary_large_image","twitter_misc":{"Written by":"admin","Est. reading time":"3 minutes"},"schema":{"@context":"https:\/\/schema.org","@graph":[{"@type":"Article","@id":"https:\/\/easycurtain.ch\/fr-ch\/rideaux-pas-chers-3\/#article","isPartOf":{"@id":"https:\/\/easycurtain.ch\/fr-ch\/rideaux-pas-chers-3\/"},"author":{"name":"admin","@id":"https:\/\/easycurtain.ch\/fr-ch\/#\/schema\/person\/1f959e8be40e714bbfa015f2bd04eac5"},"headline":"Rideaux pas chers","datePublished":"2015-08-11T11:18:57+00:00","dateModified":"2023-11-21T15:31:20+00:00","mainEntityOfPage":{"@id":"https:\/\/easycurtain.ch\/fr-ch\/rideaux-pas-chers-3\/"},"wordCount":564,"publisher":{"@id":"https:\/\/easycurtain.ch\/fr-ch\/#organization"},"articleSection":["G\u00e9n\u00e9ralit\u00e9s","Rideaux de jour","Rideaux occultants","Rideaux opaques","Rideaux sur mesure"],"inLanguage":"fr-CH"},{"@type":"WebPage","@id":"https:\/\/easycurtain.ch\/fr-ch\/rideaux-pas-chers-3\/","url":"https:\/\/easycurtain.ch\/fr-ch\/rideaux-pas-chers-3\/","name":"Rideaux pas chers - easyCurtain","isPartOf":{"@id":"https:\/\/easycurtain.ch\/fr-ch\/#website"},"datePublished":"2015-08-11T11:18:57+00:00","dateModified":"2023-11-21T15:31:20+00:00","breadcrumb":{"@id":"https:\/\/easycurtain.ch\/fr-ch\/rideaux-pas-chers-3\/#breadcrumb"},"inLanguage":"fr-CH","potentialAction":[{"@type":"ReadAction","target":["https:\/\/easycurtain.ch\/fr-ch\/rideaux-pas-chers-3\/"]}]},{"@type":"BreadcrumbList","@id":"https:\/\/easycurtain.ch\/fr-ch\/rideaux-pas-chers-3\/#breadcrumb","itemListElement":[{"@type":"ListItem","position":1,"name":"Home","item":"https:\/\/easycurtain.ch\/fr-ch\/?page_id=101168"},{"@type":"ListItem","position":2,"name":"Rideaux pas chers"}]},{"@type":"WebSite","@id":"https:\/\/easycurtain.ch\/fr-ch\/#website","url":"https:\/\/easycurtain.ch\/fr-ch\/","name":"easyCurtain","description":"Superbes rideaux. Petits prix.","publisher":{"@id":"https:\/\/easycurtain.ch\/fr-ch\/#organization"},"potentialAction":[{"@type":"SearchAction","target":{"@type":"EntryPoint","urlTemplate":"https:\/\/easycurtain.ch\/fr-ch\/?s={search_term_string}"},"query-input":{"@type":"PropertyValueSpecification","valueRequired":true,"valueName":"search_term_string"}}],"inLanguage":"fr-CH"},{"@type":"Organization","@id":"https:\/\/easycurtain.ch\/fr-ch\/#organization","name":"easyCurtain","url":"https:\/\/easycurtain.ch\/fr-ch\/","logo":{"@type":"ImageObject","inLanguage":"fr-CH","@id":"https:\/\/easycurtain.ch\/fr-ch\/#\/schema\/logo\/image\/","url":"https:\/\/easycurtain.ch\/wp-content\/uploads\/2023\/09\/logo-easycurtain-massvorhang-online-1.png","contentUrl":"https:\/\/easycurtain.ch\/wp-content\/uploads\/2023\/09\/logo-easycurtain-massvorhang-online-1.png","width":600,"height":138,"caption":"easyCurtain"},"image":{"@id":"https:\/\/easycurtain.ch\/fr-ch\/#\/schema\/logo\/image\/"}},{"@type":"Person","@id":"https:\/\/easycurtain.ch\/fr-ch\/#\/schema\/person\/1f959e8be40e714bbfa015f2bd04eac5","name":"admin","image":{"@type":"ImageObject","inLanguage":"fr-CH","@id":"https:\/\/easycurtain.ch\/fr-ch\/#\/schema\/person\/image\/","url":"https:\/\/secure.gravatar.com\/avatar\/cb069bea1457d574e89db43b42221dcedd7d4dea32b0877881cda3e42eedb691?s=96&d=mm&r=g","contentUrl":"https:\/\/secure.gravatar.com\/avatar\/cb069bea1457d574e89db43b42221dcedd7d4dea32b0877881cda3e42eedb691?s=96&d=mm&r=g","caption":"admin"},"sameAs":["https:\/\/easycurtain.ch"],"url":"https:\/\/easycurtain.ch\/fr-ch\/author\/admin\/"}]}},"_links":{"self":[{"href":"https:\/\/easycurtain.ch\/fr-ch\/wp-json\/wp\/v2\/posts\/103600","targetHints":{"allow":["GET"]}}],"collection":[{"href":"https:\/\/easycurtain.ch\/fr-ch\/wp-json\/wp\/v2\/posts"}],"about":[{"href":"https:\/\/easycurtain.ch\/fr-ch\/wp-json\/wp\/v2\/types\/post"}],"author":[{"embeddable":true,"href":"https:\/\/easycurtain.ch\/fr-ch\/wp-json\/wp\/v2\/users\/1"}],"replies":[{"embeddable":true,"href":"https:\/\/easycurtain.ch\/fr-ch\/wp-json\/wp\/v2\/comments?post=103600"}],"version-history":[{"count":2,"href":"https:\/\/easycurtain.ch\/fr-ch\/wp-json\/wp\/v2\/posts\/103600\/revisions"}],"predecessor-version":[{"id":103644,"href":"https:\/\/easycurtain.ch\/fr-ch\/wp-json\/wp\/v2\/posts\/103600\/revisions\/103644"}],"wp:attachment":[{"href":"https:\/\/easycurtain.ch\/fr-ch\/wp-json\/wp\/v2\/media?parent=103600"}],"wp:term":[{"taxonomy":"category","embeddable":true,"href":"https:\/\/easycurtain.ch\/fr-ch\/wp-json\/wp\/v2\/categories?post=103600"},{"taxonomy":"post_tag","embeddable":true,"href":"https:\/\/easycurtain.ch\/fr-ch\/wp-json\/wp\/v2\/tags?post=103600"}],"curies":[{"name":"wp","href":"https:\/\/api.w.org\/{rel}","templated":true}]}}