{"id":102920,"date":"2018-07-09T20:17:44","date_gmt":"2018-07-09T20:17:44","guid":{"rendered":"https:\/\/easycurtain.ch\/rideaux-de-chambre\/"},"modified":"2023-11-21T15:29:29","modified_gmt":"2023-11-21T15:29:29","slug":"rideaux-de-chambre","status":"publish","type":"post","link":"https:\/\/easycurtain.ch\/fr-ch\/rideaux-de-chambre\/","title":{"rendered":"Rideaux de chambre"},"content":{"rendered":"<div class=\"wpb-content-wrapper\"><p>[vc_row][vc_column width=&#8221;1\/2&#8243;][vc_single_image image=&#8221;100361&#8243; img_size=&#8221;large&#8221; title=&#8221;Rideaux de nuit pour la chambre \u00e0 coucher&#8221;][\/vc_column][vc_column width=&#8221;1\/2&#8243;][vc_column_text css=&#8221;.vc_custom_1699025373625{margin-bottom: 0px !important;border-bottom-width: 0px !important;padding-bottom: 0px !important;}&#8221;]<\/p>\n<h2>Rideaux de chambre<\/h2>\n<p>Tu es \u00e0 la recherche de <strong>rideaux de chambre \u00e0 coucher<\/strong>? Tu trouveras certainement ton bonheur dans notre boutique en ligne. Les<strong> rideaux opaques<\/strong> sont particuli\u00e8rement adapt\u00e9s \u00e0 la chambre \u00e0 coucher, car ils obscurcissent la pi\u00e8ce et servent de protection contre les regards. Tu peux commander ces rideaux sur mesure chez nous. Ainsi, tout s&#8217;adapte parfaitement. De plus, les \u00e9l\u00e9gants rideaux fonctionnent merveilleusement bien comme d\u00e9coration. Ils ne sont donc pas seulement pratiques, mais ils embellissent aussi tout l&#8217;appartement.<\/p>\n<p>Vois par toi-m\u00eame. Ici, tu trouveras nos rideaux de nuit sur mesure :[\/vc_column_text][vc_empty_space]<a href=\"https:\/\/easycurtain.ch\/fr-ch\/k\/rideaux-opaques\/\" title=\"Rideaux opaques\" class=\"konte-button button-normal text-default align-inline normal   button square\">Vers les rideaux opaques<\/a>[vc_empty_space][\/vc_column][\/vc_row][vc_row][vc_column][vc_separator][vc_column_text]<\/p>\n<h2>Commander des rideaux de chambre en ligne<\/h2>\n<p>[\/vc_column_text]<div class=\"woocommerce columns-2 \"><ul class=\"products hover-slider columns-2\"><li class=\"product type-product post-101590 status-publish first instock product_cat-rideaux product_cat-rideaux-opaques product_tag-rideaux-de-nuit has-post-thumbnail featured taxable shipping-taxable purchasable product-type-simple\">\n\t<div class=\"product-inner\"><span class=\"woocommerce-badges woocommerce-badges--round\"><span class=\"featured woocommerce-badge\"><span>Hot<\/span><\/span><\/span><div class=\"product-thumbnail product-thumbnails--slider\"><a href=\"https:\/\/easycurtain.ch\/fr-ch\/onlineshop\/rideau-de-nuit-myra-opaque-colore\/\" class=\"woocommerce-LoopProduct-link woocommerce-loop-product__link\"><img loading=\"lazy\" decoding=\"async\" width=\"680\" height=\"680\" src=\"https:\/\/easycurtain.ch\/wp-content\/uploads\/2023\/11\/nachtvorhang-myra-titelbild-680x680.jpg\" class=\"attachment-woocommerce_thumbnail size-woocommerce_thumbnail\" alt=\"Rideau de nuit MYRA\" srcset=\"https:\/\/easycurtain.ch\/wp-content\/uploads\/2023\/11\/nachtvorhang-myra-titelbild-680x680.jpg 680w, https:\/\/easycurtain.ch\/wp-content\/uploads\/2023\/11\/nachtvorhang-myra-titelbild-300x300.jpg 300w, https:\/\/easycurtain.ch\/wp-content\/uploads\/2023\/11\/nachtvorhang-myra-titelbild-1024x1024.jpg 1024w, https:\/\/easycurtain.ch\/wp-content\/uploads\/2023\/11\/nachtvorhang-myra-titelbild-150x150.jpg 150w, https:\/\/easycurtain.ch\/wp-content\/uploads\/2023\/11\/nachtvorhang-myra-titelbild-768x768.jpg 768w, https:\/\/easycurtain.ch\/wp-content\/uploads\/2023\/11\/nachtvorhang-myra-titelbild-840x840.jpg 840w, https:\/\/easycurtain.ch\/wp-content\/uploads\/2023\/11\/nachtvorhang-myra-titelbild.jpg 1200w\" sizes=\"auto, (max-width: 680px) 100vw, 680px\" \/><\/a><a href=\"https:\/\/easycurtain.ch\/fr-ch\/onlineshop\/rideau-de-nuit-myra-opaque-colore\/\" class=\"woocommerce-LoopProduct-link woocommerce-loop-product__link\"><img data-lazy=\"https:\/\/easycurtain.ch\/wp-content\/uploads\/2023\/11\/nachtvorhang-myra-vorhang-halboffen-680x680.jpg\" width=\"680\" height=\"680\" alt=\"Rideau de nuit MYRA (opaque, color\u00e9)\" class=\"slick-loading\"><\/a><a href=\"https:\/\/easycurtain.ch\/fr-ch\/onlineshop\/rideau-de-nuit-myra-opaque-colore\/\" class=\"woocommerce-LoopProduct-link woocommerce-loop-product__link\"><img data-lazy=\"https:\/\/easycurtain.ch\/wp-content\/uploads\/2023\/11\/nachtvorhang-myra-stoff-wellen-680x680.jpg\" width=\"680\" height=\"680\" alt=\"Rideau de nuit MYRA (opaque, color\u00e9)\" class=\"slick-loading\"><\/a><a href=\"https:\/\/easycurtain.ch\/fr-ch\/onlineshop\/rideau-de-nuit-myra-opaque-colore\/\" class=\"woocommerce-LoopProduct-link woocommerce-loop-product__link\"><img data-lazy=\"https:\/\/easycurtain.ch\/wp-content\/uploads\/2023\/11\/nachtvorhang-myra-vorhang-offen-680x680.jpg\" width=\"680\" height=\"680\" alt=\"Rideau de nuit MYRA (opaque, color\u00e9)\" class=\"slick-loading\"><\/a><a href=\"https:\/\/easycurtain.ch\/fr-ch\/onlineshop\/rideau-de-nuit-myra-opaque-colore\/\" class=\"woocommerce-LoopProduct-link woocommerce-loop-product__link\"><img data-lazy=\"https:\/\/easycurtain.ch\/wp-content\/uploads\/2023\/11\/nachtvorhang-myra-vorhang-offen-1-680x680.jpg\" width=\"680\" height=\"680\" alt=\"Rideau de nuit MYRA (opaque, color\u00e9)\" class=\"slick-loading\"><\/a><a href=\"https:\/\/easycurtain.ch\/fr-ch\/onlineshop\/rideau-de-nuit-myra-opaque-colore\/\" class=\"woocommerce-LoopProduct-link woocommerce-loop-product__link\"><img data-lazy=\"https:\/\/easycurtain.ch\/wp-content\/uploads\/2023\/11\/nachtvorhang-myra-vorhang-halboffen-1-680x680.jpg\" width=\"680\" height=\"680\" alt=\"Rideau de nuit MYRA (opaque, color\u00e9)\" class=\"slick-loading\"><\/a><a href=\"https:\/\/easycurtain.ch\/fr-ch\/onlineshop\/rideau-de-nuit-myra-opaque-colore\/\" class=\"woocommerce-LoopProduct-link woocommerce-loop-product__link\"><img data-lazy=\"https:\/\/easycurtain.ch\/wp-content\/uploads\/2023\/11\/nachtvorhang-myra-vorhang-geschlossen-680x680.jpg\" width=\"680\" height=\"680\" alt=\"Rideau de nuit MYRA (opaque, color\u00e9)\" class=\"slick-loading\"><\/a><a href=\"https:\/\/easycurtain.ch\/fr-ch\/onlineshop\/rideau-de-nuit-myra-opaque-colore\/\" class=\"woocommerce-LoopProduct-link woocommerce-loop-product__link\"><img data-lazy=\"https:\/\/easycurtain.ch\/wp-content\/uploads\/2023\/11\/nachtvorhang-myra-vorhang-geschlossen-raumansicht-680x680.jpg\" width=\"680\" height=\"680\" alt=\"Rideau de nuit MYRA (opaque, color\u00e9)\" class=\"slick-loading\"><\/a><a href=\"https:\/\/easycurtain.ch\/fr-ch\/onlineshop\/rideau-de-nuit-myra-opaque-colore\/\" class=\"woocommerce-LoopProduct-link woocommerce-loop-product__link\"><img data-lazy=\"https:\/\/easycurtain.ch\/wp-content\/uploads\/2023\/11\/nachtvorhang-myra-transparenz-680x680.jpg\" width=\"680\" height=\"680\" alt=\"Rideau de nuit MYRA (opaque, color\u00e9)\" class=\"slick-loading\"><\/a><a href=\"https:\/\/easycurtain.ch\/fr-ch\/onlineshop\/rideau-de-nuit-myra-opaque-colore\/\" class=\"woocommerce-LoopProduct-link woocommerce-loop-product__link\"><img data-lazy=\"https:\/\/easycurtain.ch\/wp-content\/uploads\/2023\/11\/nachtvorhang-myra-beschwerungsband-680x680.jpg\" width=\"680\" height=\"680\" alt=\"Rideau de nuit MYRA (opaque, color\u00e9)\" class=\"slick-loading\"><\/a><a href=\"https:\/\/easycurtain.ch\/fr-ch\/onlineshop\/rideau-de-nuit-myra-opaque-colore\/\" class=\"woocommerce-LoopProduct-link woocommerce-loop-product__link\"><img data-lazy=\"https:\/\/easycurtain.ch\/wp-content\/uploads\/2023\/11\/nachtvorhang-myra-stoff-680x680.jpg\" width=\"680\" height=\"680\" alt=\"Rideau de nuit MYRA (opaque, color\u00e9)\" class=\"slick-loading\"><\/a><a href=\"https:\/\/easycurtain.ch\/fr-ch\/onlineshop\/rideau-de-nuit-myra-opaque-colore\/\" class=\"woocommerce-LoopProduct-link woocommerce-loop-product__link\"><img data-lazy=\"https:\/\/easycurtain.ch\/wp-content\/uploads\/2023\/11\/nachtvorhang-myra-raumansicht-680x680.jpg\" width=\"680\" height=\"680\" alt=\"Rideau de nuit MYRA (opaque, color\u00e9)\" class=\"slick-loading\"><\/a><a href=\"https:\/\/easycurtain.ch\/fr-ch\/onlineshop\/rideau-de-nuit-myra-opaque-colore\/\" class=\"woocommerce-LoopProduct-link woocommerce-loop-product__link\"><img data-lazy=\"https:\/\/easycurtain.ch\/wp-content\/uploads\/2023\/11\/nachtvorhang-myra-raumansicht-1-680x680.jpg\" width=\"680\" height=\"680\" alt=\"Rideau de nuit MYRA (opaque, color\u00e9)\" class=\"slick-loading\"><\/a><a href=\"https:\/\/easycurtain.ch\/fr-ch\/onlineshop\/rideau-de-nuit-myra-opaque-colore\/\" class=\"woocommerce-LoopProduct-link woocommerce-loop-product__link\"><img data-lazy=\"https:\/\/easycurtain.ch\/wp-content\/uploads\/2023\/11\/nachtvorhang-myra-weiss-stoffmuster-680x680.jpg\" width=\"680\" height=\"680\" alt=\"Rideau de nuit MYRA (opaque, color\u00e9)\" class=\"slick-loading\"><\/a><a href=\"https:\/\/easycurtain.ch\/fr-ch\/onlineshop\/rideau-de-nuit-myra-opaque-colore\/\" class=\"woocommerce-LoopProduct-link woocommerce-loop-product__link\"><img data-lazy=\"https:\/\/easycurtain.ch\/wp-content\/uploads\/2023\/11\/nachtvorhang-myra-schwarz-stoffmuster-680x680.jpg\" width=\"680\" height=\"680\" alt=\"Rideau de nuit MYRA (opaque, color\u00e9)\" class=\"slick-loading\"><\/a><a href=\"https:\/\/easycurtain.ch\/fr-ch\/onlineshop\/rideau-de-nuit-myra-opaque-colore\/\" class=\"woocommerce-LoopProduct-link woocommerce-loop-product__link\"><img data-lazy=\"https:\/\/easycurtain.ch\/wp-content\/uploads\/2023\/11\/nachtvorhang-myra-hellbeige-stoffmuster-680x680.jpg\" width=\"680\" height=\"680\" alt=\"Rideau de nuit MYRA (opaque, color\u00e9)\" class=\"slick-loading\"><\/a><a href=\"https:\/\/easycurtain.ch\/fr-ch\/onlineshop\/rideau-de-nuit-myra-opaque-colore\/\" class=\"woocommerce-LoopProduct-link woocommerce-loop-product__link\"><img data-lazy=\"https:\/\/easycurtain.ch\/wp-content\/uploads\/2023\/11\/nachtvorhang-myra-grau-stoffmuster-680x680.jpg\" width=\"680\" height=\"680\" alt=\"Rideau de nuit MYRA (opaque, color\u00e9)\" class=\"slick-loading\"><\/a><a href=\"https:\/\/easycurtain.ch\/fr-ch\/onlineshop\/rideau-de-nuit-myra-opaque-colore\/\" class=\"woocommerce-LoopProduct-link woocommerce-loop-product__link\"><img data-lazy=\"https:\/\/easycurtain.ch\/wp-content\/uploads\/2023\/11\/nachtvorhang-myra-beige-stoffmuster-680x680.jpg\" width=\"680\" height=\"680\" alt=\"Rideau de nuit MYRA (opaque, color\u00e9)\" class=\"slick-loading\"><\/a><\/div><div class=\"product-summary\"><h2 class=\"woocommerce-loop-product__title\"><a href=\"https:\/\/easycurtain.ch\/fr-ch\/onlineshop\/rideau-de-nuit-myra-opaque-colore\/\" class=\"woocommerce-LoopProduct-link woocommerce-loop-product__link\">Rideau de nuit MYRA (opaque, color\u00e9)<\/a><\/h2>\n\t<span class=\"price\"><span class=\"woocommerce-Price-amount amount\"><bdi><span class=\"woocommerce-Price-currencySymbol\">&#67;&#72;&#70;<\/span>&nbsp;41.00<\/bdi><\/span><\/span>\n\n<div class=\"buttons clearfix\">\t<span id=\"woocommerce_loop_add_to_cart_link_describedby_101590\" class=\"screen-reader-text\">\n\t\t\t<\/span>\n<a href=\"?add-to-wishlist=101590\" class=\"wcboost-wishlist-button wcboost-wishlist-button--theme button wp-element-button wcboost-wishlist-button--ajax\" data-quantity=\"1\" data-product_id=\"101590\" aria-label=\"Add &ldquo;Rideau de nuit MYRA (opaque, color\u00e9)&rdquo; to the wishlist\" rel=\"nofollow\"><span class=\"wcboost-wishlist-button__icon\"><span class=\"svg-icon icon-heart-o size-normal \"><svg role=\"img\"> <use href=\"#heart-o\" xlink:href=\"#heart-o\"><\/use> <\/svg><\/span><\/span><span class=\"wcboost-wishlist-button__text\">Ajouter \u00e0 la liste de souhaits<\/span><\/a><\/div><\/div><\/div><\/li>\n<\/ul><\/div><a href=\"https:\/\/easycurtain.ch\/fr-ch\/k\/rideaux\/\" title=\"Tous les rideaux\" class=\"konte-button button-normal text-default align-inline normal   button square\">Afficher tous les rideaux<\/a>[\/vc_column][\/vc_row]<\/p>\n<\/div>","protected":false},"excerpt":{"rendered":"<p>[vc_row][vc_column width=&#8221;1\/2&#8243;][vc_single_image image=&#8221;100361&#8243; img_size=&#8221;large&#8221; title=&#8221;Rideaux de nuit pour la chambre \u00e0 coucher&#8221;][\/vc_column][vc_column width=&#8221;1\/2&#8243;][vc_column_text css=&#8221;.vc_custom_1699025373625{margin-bottom: 0px !important;border-bottom-width: 0px !important;padding-bottom: 0px !important;}&#8221;] Rideaux de chambre Tu es \u00e0 la recherche de rideaux&hellip;<\/p>\n","protected":false},"author":1,"featured_media":0,"comment_status":"closed","ping_status":"closed","sticky":false,"template":"","format":"standard","meta":{"_acf_changed":false,"footnotes":""},"categories":[345,592,353],"tags":[],"class_list":["post-102920","post","type-post","status-publish","format-standard","hentry","category-generalites","category-rideaux-opaques","category-rideaux-sur-mesure"],"acf":[],"yoast_head":"<!-- This site is optimized with the Yoast SEO plugin v27.1.1 - https:\/\/yoast.com\/product\/yoast-seo-wordpress\/ -->\n<title>Rideaux de chambre - easyCurtain<\/title>\n<meta name=\"robots\" content=\"index, follow, max-snippet:-1, max-image-preview:large, max-video-preview:-1\" \/>\n<link rel=\"canonical\" href=\"https:\/\/easycurtain.ch\/fr-ch\/rideaux-de-chambre\/\" \/>\n<meta property=\"og:locale\" content=\"fr_FR\" \/>\n<meta property=\"og:type\" content=\"article\" \/>\n<meta property=\"og:title\" content=\"Rideaux de chambre - easyCurtain\" \/>\n<meta property=\"og:description\" content=\"[vc_row][vc_column width=&#8221;1\/2&#8243;][vc_single_image image=&#8221;100361&#8243; img_size=&#8221;large&#8221; title=&#8221;Rideaux de nuit pour la chambre \u00e0 coucher&#8221;][\/vc_column][vc_column width=&#8221;1\/2&#8243;][vc_column_text css=&#8221;.vc_custom_1699025373625{margin-bottom: 0px !important;border-bottom-width: 0px !important;padding-bottom: 0px !important;}&#8221;] Rideaux de chambre Tu es \u00e0 la recherche de rideaux&hellip;\" \/>\n<meta property=\"og:url\" content=\"https:\/\/easycurtain.ch\/fr-ch\/rideaux-de-chambre\/\" \/>\n<meta property=\"og:site_name\" content=\"easyCurtain\" \/>\n<meta property=\"article:published_time\" content=\"2018-07-09T20:17:44+00:00\" \/>\n<meta property=\"article:modified_time\" content=\"2023-11-21T15:29:29+00:00\" \/>\n<meta name=\"author\" content=\"admin\" \/>\n<meta name=\"twitter:card\" content=\"summary_large_image\" \/>\n<meta name=\"twitter:label1\" content=\"Written by\" \/>\n\t<meta name=\"twitter:data1\" content=\"admin\" \/>\n\t<meta name=\"twitter:label2\" content=\"Est. reading time\" \/>\n\t<meta name=\"twitter:data2\" content=\"1 minute\" \/>\n<script type=\"application\/ld+json\" class=\"yoast-schema-graph\">{\"@context\":\"https:\/\/schema.org\",\"@graph\":[{\"@type\":\"Article\",\"@id\":\"https:\/\/easycurtain.ch\/fr-ch\/rideaux-de-chambre\/#article\",\"isPartOf\":{\"@id\":\"https:\/\/easycurtain.ch\/fr-ch\/rideaux-de-chambre\/\"},\"author\":{\"name\":\"admin\",\"@id\":\"https:\/\/easycurtain.ch\/fr-ch\/#\/schema\/person\/1f959e8be40e714bbfa015f2bd04eac5\"},\"headline\":\"Rideaux de chambre\",\"datePublished\":\"2018-07-09T20:17:44+00:00\",\"dateModified\":\"2023-11-21T15:29:29+00:00\",\"mainEntityOfPage\":{\"@id\":\"https:\/\/easycurtain.ch\/fr-ch\/rideaux-de-chambre\/\"},\"wordCount\":237,\"publisher\":{\"@id\":\"https:\/\/easycurtain.ch\/fr-ch\/#organization\"},\"articleSection\":[\"G\u00e9n\u00e9ralit\u00e9s\",\"Rideaux opaques\",\"Rideaux sur mesure\"],\"inLanguage\":\"fr-CH\"},{\"@type\":\"WebPage\",\"@id\":\"https:\/\/easycurtain.ch\/fr-ch\/rideaux-de-chambre\/\",\"url\":\"https:\/\/easycurtain.ch\/fr-ch\/rideaux-de-chambre\/\",\"name\":\"Rideaux de chambre - easyCurtain\",\"isPartOf\":{\"@id\":\"https:\/\/easycurtain.ch\/fr-ch\/#website\"},\"datePublished\":\"2018-07-09T20:17:44+00:00\",\"dateModified\":\"2023-11-21T15:29:29+00:00\",\"breadcrumb\":{\"@id\":\"https:\/\/easycurtain.ch\/fr-ch\/rideaux-de-chambre\/#breadcrumb\"},\"inLanguage\":\"fr-CH\",\"potentialAction\":[{\"@type\":\"ReadAction\",\"target\":[\"https:\/\/easycurtain.ch\/fr-ch\/rideaux-de-chambre\/\"]}]},{\"@type\":\"BreadcrumbList\",\"@id\":\"https:\/\/easycurtain.ch\/fr-ch\/rideaux-de-chambre\/#breadcrumb\",\"itemListElement\":[{\"@type\":\"ListItem\",\"position\":1,\"name\":\"Home\",\"item\":\"https:\/\/easycurtain.ch\/fr-ch\/?page_id=101168\"},{\"@type\":\"ListItem\",\"position\":2,\"name\":\"Rideaux de chambre\"}]},{\"@type\":\"WebSite\",\"@id\":\"https:\/\/easycurtain.ch\/fr-ch\/#website\",\"url\":\"https:\/\/easycurtain.ch\/fr-ch\/\",\"name\":\"easyCurtain\",\"description\":\"Superbes rideaux. Petits prix.\",\"publisher\":{\"@id\":\"https:\/\/easycurtain.ch\/fr-ch\/#organization\"},\"potentialAction\":[{\"@type\":\"SearchAction\",\"target\":{\"@type\":\"EntryPoint\",\"urlTemplate\":\"https:\/\/easycurtain.ch\/fr-ch\/?s={search_term_string}\"},\"query-input\":{\"@type\":\"PropertyValueSpecification\",\"valueRequired\":true,\"valueName\":\"search_term_string\"}}],\"inLanguage\":\"fr-CH\"},{\"@type\":\"Organization\",\"@id\":\"https:\/\/easycurtain.ch\/fr-ch\/#organization\",\"name\":\"easyCurtain\",\"url\":\"https:\/\/easycurtain.ch\/fr-ch\/\",\"logo\":{\"@type\":\"ImageObject\",\"inLanguage\":\"fr-CH\",\"@id\":\"https:\/\/easycurtain.ch\/fr-ch\/#\/schema\/logo\/image\/\",\"url\":\"https:\/\/easycurtain.ch\/wp-content\/uploads\/2023\/09\/logo-easycurtain-massvorhang-online-1.png\",\"contentUrl\":\"https:\/\/easycurtain.ch\/wp-content\/uploads\/2023\/09\/logo-easycurtain-massvorhang-online-1.png\",\"width\":600,\"height\":138,\"caption\":\"easyCurtain\"},\"image\":{\"@id\":\"https:\/\/easycurtain.ch\/fr-ch\/#\/schema\/logo\/image\/\"}},{\"@type\":\"Person\",\"@id\":\"https:\/\/easycurtain.ch\/fr-ch\/#\/schema\/person\/1f959e8be40e714bbfa015f2bd04eac5\",\"name\":\"admin\",\"image\":{\"@type\":\"ImageObject\",\"inLanguage\":\"fr-CH\",\"@id\":\"https:\/\/easycurtain.ch\/fr-ch\/#\/schema\/person\/image\/\",\"url\":\"https:\/\/secure.gravatar.com\/avatar\/cb069bea1457d574e89db43b42221dcedd7d4dea32b0877881cda3e42eedb691?s=96&d=mm&r=g\",\"contentUrl\":\"https:\/\/secure.gravatar.com\/avatar\/cb069bea1457d574e89db43b42221dcedd7d4dea32b0877881cda3e42eedb691?s=96&d=mm&r=g\",\"caption\":\"admin\"},\"sameAs\":[\"https:\/\/easycurtain.ch\"],\"url\":\"https:\/\/easycurtain.ch\/fr-ch\/author\/admin\/\"}]}<\/script>\n<!-- \/ Yoast SEO plugin. -->","yoast_head_json":{"title":"Rideaux de chambre - easyCurtain","robots":{"index":"index","follow":"follow","max-snippet":"max-snippet:-1","max-image-preview":"max-image-preview:large","max-video-preview":"max-video-preview:-1"},"canonical":"https:\/\/easycurtain.ch\/fr-ch\/rideaux-de-chambre\/","og_locale":"fr_FR","og_type":"article","og_title":"Rideaux de chambre - easyCurtain","og_description":"[vc_row][vc_column width=&#8221;1\/2&#8243;][vc_single_image image=&#8221;100361&#8243; img_size=&#8221;large&#8221; title=&#8221;Rideaux de nuit pour la chambre \u00e0 coucher&#8221;][\/vc_column][vc_column width=&#8221;1\/2&#8243;][vc_column_text css=&#8221;.vc_custom_1699025373625{margin-bottom: 0px !important;border-bottom-width: 0px !important;padding-bottom: 0px !important;}&#8221;] Rideaux de chambre Tu es \u00e0 la recherche de rideaux&hellip;","og_url":"https:\/\/easycurtain.ch\/fr-ch\/rideaux-de-chambre\/","og_site_name":"easyCurtain","article_published_time":"2018-07-09T20:17:44+00:00","article_modified_time":"2023-11-21T15:29:29+00:00","author":"admin","twitter_card":"summary_large_image","twitter_misc":{"Written by":"admin","Est. reading time":"1 minute"},"schema":{"@context":"https:\/\/schema.org","@graph":[{"@type":"Article","@id":"https:\/\/easycurtain.ch\/fr-ch\/rideaux-de-chambre\/#article","isPartOf":{"@id":"https:\/\/easycurtain.ch\/fr-ch\/rideaux-de-chambre\/"},"author":{"name":"admin","@id":"https:\/\/easycurtain.ch\/fr-ch\/#\/schema\/person\/1f959e8be40e714bbfa015f2bd04eac5"},"headline":"Rideaux de chambre","datePublished":"2018-07-09T20:17:44+00:00","dateModified":"2023-11-21T15:29:29+00:00","mainEntityOfPage":{"@id":"https:\/\/easycurtain.ch\/fr-ch\/rideaux-de-chambre\/"},"wordCount":237,"publisher":{"@id":"https:\/\/easycurtain.ch\/fr-ch\/#organization"},"articleSection":["G\u00e9n\u00e9ralit\u00e9s","Rideaux opaques","Rideaux sur mesure"],"inLanguage":"fr-CH"},{"@type":"WebPage","@id":"https:\/\/easycurtain.ch\/fr-ch\/rideaux-de-chambre\/","url":"https:\/\/easycurtain.ch\/fr-ch\/rideaux-de-chambre\/","name":"Rideaux de chambre - easyCurtain","isPartOf":{"@id":"https:\/\/easycurtain.ch\/fr-ch\/#website"},"datePublished":"2018-07-09T20:17:44+00:00","dateModified":"2023-11-21T15:29:29+00:00","breadcrumb":{"@id":"https:\/\/easycurtain.ch\/fr-ch\/rideaux-de-chambre\/#breadcrumb"},"inLanguage":"fr-CH","potentialAction":[{"@type":"ReadAction","target":["https:\/\/easycurtain.ch\/fr-ch\/rideaux-de-chambre\/"]}]},{"@type":"BreadcrumbList","@id":"https:\/\/easycurtain.ch\/fr-ch\/rideaux-de-chambre\/#breadcrumb","itemListElement":[{"@type":"ListItem","position":1,"name":"Home","item":"https:\/\/easycurtain.ch\/fr-ch\/?page_id=101168"},{"@type":"ListItem","position":2,"name":"Rideaux de chambre"}]},{"@type":"WebSite","@id":"https:\/\/easycurtain.ch\/fr-ch\/#website","url":"https:\/\/easycurtain.ch\/fr-ch\/","name":"easyCurtain","description":"Superbes rideaux. Petits prix.","publisher":{"@id":"https:\/\/easycurtain.ch\/fr-ch\/#organization"},"potentialAction":[{"@type":"SearchAction","target":{"@type":"EntryPoint","urlTemplate":"https:\/\/easycurtain.ch\/fr-ch\/?s={search_term_string}"},"query-input":{"@type":"PropertyValueSpecification","valueRequired":true,"valueName":"search_term_string"}}],"inLanguage":"fr-CH"},{"@type":"Organization","@id":"https:\/\/easycurtain.ch\/fr-ch\/#organization","name":"easyCurtain","url":"https:\/\/easycurtain.ch\/fr-ch\/","logo":{"@type":"ImageObject","inLanguage":"fr-CH","@id":"https:\/\/easycurtain.ch\/fr-ch\/#\/schema\/logo\/image\/","url":"https:\/\/easycurtain.ch\/wp-content\/uploads\/2023\/09\/logo-easycurtain-massvorhang-online-1.png","contentUrl":"https:\/\/easycurtain.ch\/wp-content\/uploads\/2023\/09\/logo-easycurtain-massvorhang-online-1.png","width":600,"height":138,"caption":"easyCurtain"},"image":{"@id":"https:\/\/easycurtain.ch\/fr-ch\/#\/schema\/logo\/image\/"}},{"@type":"Person","@id":"https:\/\/easycurtain.ch\/fr-ch\/#\/schema\/person\/1f959e8be40e714bbfa015f2bd04eac5","name":"admin","image":{"@type":"ImageObject","inLanguage":"fr-CH","@id":"https:\/\/easycurtain.ch\/fr-ch\/#\/schema\/person\/image\/","url":"https:\/\/secure.gravatar.com\/avatar\/cb069bea1457d574e89db43b42221dcedd7d4dea32b0877881cda3e42eedb691?s=96&d=mm&r=g","contentUrl":"https:\/\/secure.gravatar.com\/avatar\/cb069bea1457d574e89db43b42221dcedd7d4dea32b0877881cda3e42eedb691?s=96&d=mm&r=g","caption":"admin"},"sameAs":["https:\/\/easycurtain.ch"],"url":"https:\/\/easycurtain.ch\/fr-ch\/author\/admin\/"}]}},"_links":{"self":[{"href":"https:\/\/easycurtain.ch\/fr-ch\/wp-json\/wp\/v2\/posts\/102920","targetHints":{"allow":["GET"]}}],"collection":[{"href":"https:\/\/easycurtain.ch\/fr-ch\/wp-json\/wp\/v2\/posts"}],"about":[{"href":"https:\/\/easycurtain.ch\/fr-ch\/wp-json\/wp\/v2\/types\/post"}],"author":[{"embeddable":true,"href":"https:\/\/easycurtain.ch\/fr-ch\/wp-json\/wp\/v2\/users\/1"}],"replies":[{"embeddable":true,"href":"https:\/\/easycurtain.ch\/fr-ch\/wp-json\/wp\/v2\/comments?post=102920"}],"version-history":[{"count":2,"href":"https:\/\/easycurtain.ch\/fr-ch\/wp-json\/wp\/v2\/posts\/102920\/revisions"}],"predecessor-version":[{"id":103036,"href":"https:\/\/easycurtain.ch\/fr-ch\/wp-json\/wp\/v2\/posts\/102920\/revisions\/103036"}],"wp:attachment":[{"href":"https:\/\/easycurtain.ch\/fr-ch\/wp-json\/wp\/v2\/media?parent=102920"}],"wp:term":[{"taxonomy":"category","embeddable":true,"href":"https:\/\/easycurtain.ch\/fr-ch\/wp-json\/wp\/v2\/categories?post=102920"},{"taxonomy":"post_tag","embeddable":true,"href":"https:\/\/easycurtain.ch\/fr-ch\/wp-json\/wp\/v2\/tags?post=102920"}],"curies":[{"name":"wp","href":"https:\/\/api.w.org\/{rel}","templated":true}]}}