{"id":102775,"date":"2018-07-27T08:53:10","date_gmt":"2018-07-27T08:53:10","guid":{"rendered":"https:\/\/easycurtain.ch\/rideaux-opaques-2\/"},"modified":"2023-11-21T15:28:37","modified_gmt":"2023-11-21T15:28:37","slug":"rideaux-opaques-2","status":"publish","type":"post","link":"https:\/\/easycurtain.ch\/fr-ch\/rideaux-opaques-2\/","title":{"rendered":"Rideaux opaques"},"content":{"rendered":"<div class=\"wpb-content-wrapper\"><p>[vc_row][vc_column width=&#8221;1\/2&#8243;][vc_single_image image=&#8221;100331&#8243; img_size=&#8221;large&#8221; title=&#8221;Protection visuelle tendance&#8221;][\/vc_column][vc_column width=&#8221;1\/2&#8243;][vc_column_text css=&#8221;.vc_custom_1699022982502{margin-bottom: 0px !important;border-bottom-width: 0px !important;padding-bottom: 0px !important;}&#8221;]<\/p>\n<h2>Rideaux opaques<\/h2>\n<p>Rideaux opaques : cela comprend aussi bien nos <strong>rideaux de jour que nos rideaux de nuit<\/strong>. Les rideaux de jour sont transparents et prot\u00e8gent des regards pendant la journ\u00e9e tout en laissant entrer beaucoup de lumi\u00e8re dans les chambres. Les rideaux de nuit prot\u00e8gent des regards 24 heures sur 24. Il est particuli\u00e8rement pratique d&#8217;accrocher les deux rideaux \u00e0 la fen\u00eatre ; on reste ainsi bien flexible. Si un rail \u00e0 rideaux \u00e0 deux voies est install\u00e9 sur ta fen\u00eatre, tu peux facilement accrocher les deux rideaux l&#8217;un derri\u00e8re l&#8217;autre.<\/p>\n<p>Nos rideaux sont fabriqu\u00e9s <strong>sur mesure<\/strong>. Autrement dit, tu nous dis \u00e0 quoi doit ressembler le rideau et nous nous mettons \u00e0 coudre. Tout se passe rapidement et facilement en ligne. Cela vaut vraiment la peine de faire un tour dans la boutique ![\/vc_column_text][vc_empty_space]<a href=\"https:\/\/easycurtain.ch\/fr-ch\/k\/rideaux-opaques\/\" title=\"Rideaux opaques\" class=\"konte-button button-normal text-default align-inline normal   button square\">Vers les rideaux opaques<\/a>[vc_empty_space][\/vc_column][\/vc_row][vc_row][vc_column][vc_separator][vc_column_text]<\/p>\n<h2>Commander des rideaux opaques (rideaux de nuit)<\/h2>\n<p>[\/vc_column_text]<div class=\"woocommerce columns-2 \"><ul class=\"products hover-slider columns-2\"><li class=\"product type-product post-101590 status-publish first instock product_cat-rideaux product_cat-rideaux-opaques product_tag-rideaux-de-nuit has-post-thumbnail featured taxable shipping-taxable purchasable product-type-simple\">\n\t<div class=\"product-inner\"><span class=\"woocommerce-badges woocommerce-badges--round\"><span class=\"featured woocommerce-badge\"><span>Hot<\/span><\/span><\/span><div class=\"product-thumbnail product-thumbnails--slider\"><a href=\"https:\/\/easycurtain.ch\/fr-ch\/onlineshop\/rideau-de-nuit-myra-opaque-colore\/\" class=\"woocommerce-LoopProduct-link woocommerce-loop-product__link\"><img loading=\"lazy\" decoding=\"async\" width=\"680\" height=\"680\" src=\"https:\/\/easycurtain.ch\/wp-content\/uploads\/2023\/11\/nachtvorhang-myra-titelbild-680x680.jpg\" class=\"attachment-woocommerce_thumbnail size-woocommerce_thumbnail\" alt=\"Rideau de nuit MYRA\" srcset=\"https:\/\/easycurtain.ch\/wp-content\/uploads\/2023\/11\/nachtvorhang-myra-titelbild-680x680.jpg 680w, https:\/\/easycurtain.ch\/wp-content\/uploads\/2023\/11\/nachtvorhang-myra-titelbild-300x300.jpg 300w, https:\/\/easycurtain.ch\/wp-content\/uploads\/2023\/11\/nachtvorhang-myra-titelbild-1024x1024.jpg 1024w, https:\/\/easycurtain.ch\/wp-content\/uploads\/2023\/11\/nachtvorhang-myra-titelbild-150x150.jpg 150w, https:\/\/easycurtain.ch\/wp-content\/uploads\/2023\/11\/nachtvorhang-myra-titelbild-768x768.jpg 768w, https:\/\/easycurtain.ch\/wp-content\/uploads\/2023\/11\/nachtvorhang-myra-titelbild-840x840.jpg 840w, https:\/\/easycurtain.ch\/wp-content\/uploads\/2023\/11\/nachtvorhang-myra-titelbild.jpg 1200w\" sizes=\"auto, (max-width: 680px) 100vw, 680px\" \/><\/a><a href=\"https:\/\/easycurtain.ch\/fr-ch\/onlineshop\/rideau-de-nuit-myra-opaque-colore\/\" class=\"woocommerce-LoopProduct-link woocommerce-loop-product__link\"><img data-lazy=\"https:\/\/easycurtain.ch\/wp-content\/uploads\/2023\/11\/nachtvorhang-myra-vorhang-halboffen-680x680.jpg\" width=\"680\" height=\"680\" alt=\"Rideau de nuit MYRA (opaque, color\u00e9)\" class=\"slick-loading\"><\/a><a href=\"https:\/\/easycurtain.ch\/fr-ch\/onlineshop\/rideau-de-nuit-myra-opaque-colore\/\" class=\"woocommerce-LoopProduct-link woocommerce-loop-product__link\"><img data-lazy=\"https:\/\/easycurtain.ch\/wp-content\/uploads\/2023\/11\/nachtvorhang-myra-stoff-wellen-680x680.jpg\" width=\"680\" height=\"680\" alt=\"Rideau de nuit MYRA (opaque, color\u00e9)\" class=\"slick-loading\"><\/a><a href=\"https:\/\/easycurtain.ch\/fr-ch\/onlineshop\/rideau-de-nuit-myra-opaque-colore\/\" class=\"woocommerce-LoopProduct-link woocommerce-loop-product__link\"><img data-lazy=\"https:\/\/easycurtain.ch\/wp-content\/uploads\/2023\/11\/nachtvorhang-myra-vorhang-offen-680x680.jpg\" width=\"680\" height=\"680\" alt=\"Rideau de nuit MYRA (opaque, color\u00e9)\" class=\"slick-loading\"><\/a><a href=\"https:\/\/easycurtain.ch\/fr-ch\/onlineshop\/rideau-de-nuit-myra-opaque-colore\/\" class=\"woocommerce-LoopProduct-link woocommerce-loop-product__link\"><img data-lazy=\"https:\/\/easycurtain.ch\/wp-content\/uploads\/2023\/11\/nachtvorhang-myra-vorhang-offen-1-680x680.jpg\" width=\"680\" height=\"680\" alt=\"Rideau de nuit MYRA (opaque, color\u00e9)\" class=\"slick-loading\"><\/a><a href=\"https:\/\/easycurtain.ch\/fr-ch\/onlineshop\/rideau-de-nuit-myra-opaque-colore\/\" class=\"woocommerce-LoopProduct-link woocommerce-loop-product__link\"><img data-lazy=\"https:\/\/easycurtain.ch\/wp-content\/uploads\/2023\/11\/nachtvorhang-myra-vorhang-halboffen-1-680x680.jpg\" width=\"680\" height=\"680\" alt=\"Rideau de nuit MYRA (opaque, color\u00e9)\" class=\"slick-loading\"><\/a><a href=\"https:\/\/easycurtain.ch\/fr-ch\/onlineshop\/rideau-de-nuit-myra-opaque-colore\/\" class=\"woocommerce-LoopProduct-link woocommerce-loop-product__link\"><img data-lazy=\"https:\/\/easycurtain.ch\/wp-content\/uploads\/2023\/11\/nachtvorhang-myra-vorhang-geschlossen-680x680.jpg\" width=\"680\" height=\"680\" alt=\"Rideau de nuit MYRA (opaque, color\u00e9)\" class=\"slick-loading\"><\/a><a href=\"https:\/\/easycurtain.ch\/fr-ch\/onlineshop\/rideau-de-nuit-myra-opaque-colore\/\" class=\"woocommerce-LoopProduct-link woocommerce-loop-product__link\"><img data-lazy=\"https:\/\/easycurtain.ch\/wp-content\/uploads\/2023\/11\/nachtvorhang-myra-vorhang-geschlossen-raumansicht-680x680.jpg\" width=\"680\" height=\"680\" alt=\"Rideau de nuit MYRA (opaque, color\u00e9)\" class=\"slick-loading\"><\/a><a href=\"https:\/\/easycurtain.ch\/fr-ch\/onlineshop\/rideau-de-nuit-myra-opaque-colore\/\" class=\"woocommerce-LoopProduct-link woocommerce-loop-product__link\"><img data-lazy=\"https:\/\/easycurtain.ch\/wp-content\/uploads\/2023\/11\/nachtvorhang-myra-transparenz-680x680.jpg\" width=\"680\" height=\"680\" alt=\"Rideau de nuit MYRA (opaque, color\u00e9)\" class=\"slick-loading\"><\/a><a href=\"https:\/\/easycurtain.ch\/fr-ch\/onlineshop\/rideau-de-nuit-myra-opaque-colore\/\" class=\"woocommerce-LoopProduct-link woocommerce-loop-product__link\"><img data-lazy=\"https:\/\/easycurtain.ch\/wp-content\/uploads\/2023\/11\/nachtvorhang-myra-beschwerungsband-680x680.jpg\" width=\"680\" height=\"680\" alt=\"Rideau de nuit MYRA (opaque, color\u00e9)\" class=\"slick-loading\"><\/a><a href=\"https:\/\/easycurtain.ch\/fr-ch\/onlineshop\/rideau-de-nuit-myra-opaque-colore\/\" class=\"woocommerce-LoopProduct-link woocommerce-loop-product__link\"><img data-lazy=\"https:\/\/easycurtain.ch\/wp-content\/uploads\/2023\/11\/nachtvorhang-myra-stoff-680x680.jpg\" width=\"680\" height=\"680\" alt=\"Rideau de nuit MYRA (opaque, color\u00e9)\" class=\"slick-loading\"><\/a><a href=\"https:\/\/easycurtain.ch\/fr-ch\/onlineshop\/rideau-de-nuit-myra-opaque-colore\/\" class=\"woocommerce-LoopProduct-link woocommerce-loop-product__link\"><img data-lazy=\"https:\/\/easycurtain.ch\/wp-content\/uploads\/2023\/11\/nachtvorhang-myra-raumansicht-680x680.jpg\" width=\"680\" height=\"680\" alt=\"Rideau de nuit MYRA (opaque, color\u00e9)\" class=\"slick-loading\"><\/a><a href=\"https:\/\/easycurtain.ch\/fr-ch\/onlineshop\/rideau-de-nuit-myra-opaque-colore\/\" class=\"woocommerce-LoopProduct-link woocommerce-loop-product__link\"><img data-lazy=\"https:\/\/easycurtain.ch\/wp-content\/uploads\/2023\/11\/nachtvorhang-myra-raumansicht-1-680x680.jpg\" width=\"680\" height=\"680\" alt=\"Rideau de nuit MYRA (opaque, color\u00e9)\" class=\"slick-loading\"><\/a><a href=\"https:\/\/easycurtain.ch\/fr-ch\/onlineshop\/rideau-de-nuit-myra-opaque-colore\/\" class=\"woocommerce-LoopProduct-link woocommerce-loop-product__link\"><img data-lazy=\"https:\/\/easycurtain.ch\/wp-content\/uploads\/2023\/11\/nachtvorhang-myra-weiss-stoffmuster-680x680.jpg\" width=\"680\" height=\"680\" alt=\"Rideau de nuit MYRA (opaque, color\u00e9)\" class=\"slick-loading\"><\/a><a href=\"https:\/\/easycurtain.ch\/fr-ch\/onlineshop\/rideau-de-nuit-myra-opaque-colore\/\" class=\"woocommerce-LoopProduct-link woocommerce-loop-product__link\"><img data-lazy=\"https:\/\/easycurtain.ch\/wp-content\/uploads\/2023\/11\/nachtvorhang-myra-schwarz-stoffmuster-680x680.jpg\" width=\"680\" height=\"680\" alt=\"Rideau de nuit MYRA (opaque, color\u00e9)\" class=\"slick-loading\"><\/a><a href=\"https:\/\/easycurtain.ch\/fr-ch\/onlineshop\/rideau-de-nuit-myra-opaque-colore\/\" class=\"woocommerce-LoopProduct-link woocommerce-loop-product__link\"><img data-lazy=\"https:\/\/easycurtain.ch\/wp-content\/uploads\/2023\/11\/nachtvorhang-myra-hellbeige-stoffmuster-680x680.jpg\" width=\"680\" height=\"680\" alt=\"Rideau de nuit MYRA (opaque, color\u00e9)\" class=\"slick-loading\"><\/a><a href=\"https:\/\/easycurtain.ch\/fr-ch\/onlineshop\/rideau-de-nuit-myra-opaque-colore\/\" class=\"woocommerce-LoopProduct-link woocommerce-loop-product__link\"><img data-lazy=\"https:\/\/easycurtain.ch\/wp-content\/uploads\/2023\/11\/nachtvorhang-myra-grau-stoffmuster-680x680.jpg\" width=\"680\" height=\"680\" alt=\"Rideau de nuit MYRA (opaque, color\u00e9)\" class=\"slick-loading\"><\/a><a href=\"https:\/\/easycurtain.ch\/fr-ch\/onlineshop\/rideau-de-nuit-myra-opaque-colore\/\" class=\"woocommerce-LoopProduct-link woocommerce-loop-product__link\"><img data-lazy=\"https:\/\/easycurtain.ch\/wp-content\/uploads\/2023\/11\/nachtvorhang-myra-beige-stoffmuster-680x680.jpg\" width=\"680\" height=\"680\" alt=\"Rideau de nuit MYRA (opaque, color\u00e9)\" class=\"slick-loading\"><\/a><\/div><div class=\"product-summary\"><h2 class=\"woocommerce-loop-product__title\"><a href=\"https:\/\/easycurtain.ch\/fr-ch\/onlineshop\/rideau-de-nuit-myra-opaque-colore\/\" class=\"woocommerce-LoopProduct-link woocommerce-loop-product__link\">Rideau de nuit MYRA (opaque, color\u00e9)<\/a><\/h2>\n\t<span class=\"price\"><span class=\"woocommerce-Price-amount amount\"><bdi><span class=\"woocommerce-Price-currencySymbol\">&#67;&#72;&#70;<\/span>&nbsp;41.00<\/bdi><\/span><\/span>\n\n<div class=\"buttons clearfix\">\t<span id=\"woocommerce_loop_add_to_cart_link_describedby_101590\" class=\"screen-reader-text\">\n\t\t\t<\/span>\n<a href=\"?add-to-wishlist=101590\" class=\"wcboost-wishlist-button wcboost-wishlist-button--theme button wp-element-button wcboost-wishlist-button--ajax\" data-quantity=\"1\" data-product_id=\"101590\" aria-label=\"Add &ldquo;Rideau de nuit MYRA (opaque, color\u00e9)&rdquo; to the wishlist\" rel=\"nofollow\"><span class=\"wcboost-wishlist-button__icon\"><span class=\"svg-icon icon-heart-o size-normal \"><svg role=\"img\"> <use href=\"#heart-o\" xlink:href=\"#heart-o\"><\/use> <\/svg><\/span><\/span><span class=\"wcboost-wishlist-button__text\">Ajouter \u00e0 la liste de souhaits<\/span><\/a><\/div><\/div><\/div><\/li>\n<\/ul><\/div>[vc_column_text]<\/p>\n<h2>Commander des rideaux transparents (rideaux de jour)<\/h2>\n<p>[\/vc_column_text]<div class=\"woocommerce columns-2 \"><ul class=\"products hover-slider columns-2\"><li class=\"product type-product post-101441 status-publish first instock product_cat-rideaux product_cat-rideaux-transparents product_tag-rideaux-de-jour product_tag-rideaux-en-lin has-post-thumbnail taxable shipping-taxable purchasable product-type-simple\">\n\t<div class=\"product-inner\"><div class=\"product-thumbnail product-thumbnails--slider\"><a href=\"https:\/\/easycurtain.ch\/fr-ch\/onlineshop\/rideau-de-jour-lyna-aspect-lin-colore\/\" class=\"woocommerce-LoopProduct-link woocommerce-loop-product__link\"><img loading=\"lazy\" decoding=\"async\" width=\"680\" height=\"680\" src=\"https:\/\/easycurtain.ch\/wp-content\/uploads\/2023\/11\/tagesvorhang-lyna-titelbild-2-1-680x680.jpg\" class=\"attachment-woocommerce_thumbnail size-woocommerce_thumbnail\" alt=\"Tagesvorhang LYNA - Titelbild\" srcset=\"https:\/\/easycurtain.ch\/wp-content\/uploads\/2023\/11\/tagesvorhang-lyna-titelbild-2-1-680x680.jpg 680w, https:\/\/easycurtain.ch\/wp-content\/uploads\/2023\/11\/tagesvorhang-lyna-titelbild-2-1-300x300.jpg 300w, https:\/\/easycurtain.ch\/wp-content\/uploads\/2023\/11\/tagesvorhang-lyna-titelbild-2-1-1024x1024.jpg 1024w, https:\/\/easycurtain.ch\/wp-content\/uploads\/2023\/11\/tagesvorhang-lyna-titelbild-2-1-150x150.jpg 150w, https:\/\/easycurtain.ch\/wp-content\/uploads\/2023\/11\/tagesvorhang-lyna-titelbild-2-1-768x768.jpg 768w, https:\/\/easycurtain.ch\/wp-content\/uploads\/2023\/11\/tagesvorhang-lyna-titelbild-2-1-840x840.jpg 840w, https:\/\/easycurtain.ch\/wp-content\/uploads\/2023\/11\/tagesvorhang-lyna-titelbild-2-1.jpg 1200w\" sizes=\"auto, (max-width: 680px) 100vw, 680px\" \/><\/a><a href=\"https:\/\/easycurtain.ch\/fr-ch\/onlineshop\/rideau-de-jour-lyna-aspect-lin-colore\/\" class=\"woocommerce-LoopProduct-link woocommerce-loop-product__link\"><img data-lazy=\"https:\/\/easycurtain.ch\/wp-content\/uploads\/2023\/11\/tagesvorhang-lyna-vorhang-geschlossen-2-680x680.jpg\" width=\"680\" height=\"680\" alt=\"Rideau de jour LYNA (aspect lin, color\u00e9)\" class=\"slick-loading\"><\/a><a href=\"https:\/\/easycurtain.ch\/fr-ch\/onlineshop\/rideau-de-jour-lyna-aspect-lin-colore\/\" class=\"woocommerce-LoopProduct-link woocommerce-loop-product__link\"><img data-lazy=\"https:\/\/easycurtain.ch\/wp-content\/uploads\/2023\/11\/tagesvorhang-lyna-vorhang-geschlossen-4-680x680.jpg\" width=\"680\" height=\"680\" alt=\"Rideau de jour LYNA (aspect lin, color\u00e9)\" class=\"slick-loading\"><\/a><a href=\"https:\/\/easycurtain.ch\/fr-ch\/onlineshop\/rideau-de-jour-lyna-aspect-lin-colore\/\" class=\"woocommerce-LoopProduct-link woocommerce-loop-product__link\"><img data-lazy=\"https:\/\/easycurtain.ch\/wp-content\/uploads\/2023\/11\/tagesvorhang-lyna-vorhang-halboffen-2-680x680.jpg\" width=\"680\" height=\"680\" alt=\"Rideau de jour LYNA (aspect lin, color\u00e9)\" class=\"slick-loading\"><\/a><a href=\"https:\/\/easycurtain.ch\/fr-ch\/onlineshop\/rideau-de-jour-lyna-aspect-lin-colore\/\" class=\"woocommerce-LoopProduct-link woocommerce-loop-product__link\"><img data-lazy=\"https:\/\/easycurtain.ch\/wp-content\/uploads\/2023\/11\/tagesvorhang-lyna-beschwerungsband-680x680.jpg\" width=\"680\" height=\"680\" alt=\"Rideau de jour LYNA (aspect lin, color\u00e9)\" class=\"slick-loading\"><\/a><a href=\"https:\/\/easycurtain.ch\/fr-ch\/onlineshop\/rideau-de-jour-lyna-aspect-lin-colore\/\" class=\"woocommerce-LoopProduct-link woocommerce-loop-product__link\"><img data-lazy=\"https:\/\/easycurtain.ch\/wp-content\/uploads\/2023\/11\/tagesvorhang-lyna-detail-680x680.jpg\" width=\"680\" height=\"680\" alt=\"Rideau de jour LYNA (aspect lin, color\u00e9)\" class=\"slick-loading\"><\/a><a href=\"https:\/\/easycurtain.ch\/fr-ch\/onlineshop\/rideau-de-jour-lyna-aspect-lin-colore\/\" class=\"woocommerce-LoopProduct-link woocommerce-loop-product__link\"><img data-lazy=\"https:\/\/easycurtain.ch\/wp-content\/uploads\/2023\/11\/tagesvorhang-lyna-stoffstruktur-2-680x680.jpg\" width=\"680\" height=\"680\" alt=\"Rideau de jour LYNA (aspect lin, color\u00e9)\" class=\"slick-loading\"><\/a><a href=\"https:\/\/easycurtain.ch\/fr-ch\/onlineshop\/rideau-de-jour-lyna-aspect-lin-colore\/\" class=\"woocommerce-LoopProduct-link woocommerce-loop-product__link\"><img data-lazy=\"https:\/\/easycurtain.ch\/wp-content\/uploads\/2023\/11\/tagesvorhang-lyna-vorhang-halboffen-3-680x680.jpg\" width=\"680\" height=\"680\" alt=\"Rideau de jour LYNA (aspect lin, color\u00e9)\" class=\"slick-loading\"><\/a><a href=\"https:\/\/easycurtain.ch\/fr-ch\/onlineshop\/rideau-de-jour-lyna-aspect-lin-colore\/\" class=\"woocommerce-LoopProduct-link woocommerce-loop-product__link\"><img data-lazy=\"https:\/\/easycurtain.ch\/wp-content\/uploads\/2023\/11\/tagesvorhang-lyna-vorhang-geschlossen-6-680x680.jpg\" width=\"680\" height=\"680\" alt=\"Rideau de jour LYNA (aspect lin, color\u00e9)\" class=\"slick-loading\"><\/a><a href=\"https:\/\/easycurtain.ch\/fr-ch\/onlineshop\/rideau-de-jour-lyna-aspect-lin-colore\/\" class=\"woocommerce-LoopProduct-link woocommerce-loop-product__link\"><img data-lazy=\"https:\/\/easycurtain.ch\/wp-content\/uploads\/2023\/11\/tagesvorhang-lyna-transparenz-6-680x680.jpg\" width=\"680\" height=\"680\" alt=\"Rideau de jour LYNA (aspect lin, color\u00e9)\" class=\"slick-loading\"><\/a><a href=\"https:\/\/easycurtain.ch\/fr-ch\/onlineshop\/rideau-de-jour-lyna-aspect-lin-colore\/\" class=\"woocommerce-LoopProduct-link woocommerce-loop-product__link\"><img data-lazy=\"https:\/\/easycurtain.ch\/wp-content\/uploads\/2023\/11\/tagesvorhang-lyna-transparenz-2-680x680.jpg\" width=\"680\" height=\"680\" alt=\"Rideau de jour LYNA (aspect lin, color\u00e9)\" class=\"slick-loading\"><\/a><a href=\"https:\/\/easycurtain.ch\/fr-ch\/onlineshop\/rideau-de-jour-lyna-aspect-lin-colore\/\" class=\"woocommerce-LoopProduct-link woocommerce-loop-product__link\"><img data-lazy=\"https:\/\/easycurtain.ch\/wp-content\/uploads\/2023\/11\/tagesvorhang-lyna-stoff-2-680x680.jpg\" width=\"680\" height=\"680\" alt=\"Rideau de jour LYNA (aspect lin, color\u00e9)\" class=\"slick-loading\"><\/a><a href=\"https:\/\/easycurtain.ch\/fr-ch\/onlineshop\/rideau-de-jour-lyna-aspect-lin-colore\/\" class=\"woocommerce-LoopProduct-link woocommerce-loop-product__link\"><img data-lazy=\"https:\/\/easycurtain.ch\/wp-content\/uploads\/2023\/11\/tagesvorhang-lyna-grau-stoffmuster-680x680.jpg\" width=\"680\" height=\"680\" alt=\"Rideau de jour LYNA (aspect lin, color\u00e9)\" class=\"slick-loading\"><\/a><a href=\"https:\/\/easycurtain.ch\/fr-ch\/onlineshop\/rideau-de-jour-lyna-aspect-lin-colore\/\" class=\"woocommerce-LoopProduct-link woocommerce-loop-product__link\"><img data-lazy=\"https:\/\/easycurtain.ch\/wp-content\/uploads\/2023\/11\/tagesvorhang-lyna-ecru-stoffmuster-680x680.jpg\" width=\"680\" height=\"680\" alt=\"Rideau de jour LYNA (aspect lin, color\u00e9)\" class=\"slick-loading\"><\/a><a href=\"https:\/\/easycurtain.ch\/fr-ch\/onlineshop\/rideau-de-jour-lyna-aspect-lin-colore\/\" class=\"woocommerce-LoopProduct-link woocommerce-loop-product__link\"><img data-lazy=\"https:\/\/easycurtain.ch\/wp-content\/uploads\/2023\/11\/tagesvorhang-lyna-weiss-stoffmuster-680x680.jpg\" width=\"680\" height=\"680\" alt=\"Rideau de jour LYNA (aspect lin, color\u00e9)\" class=\"slick-loading\"><\/a><a href=\"https:\/\/easycurtain.ch\/fr-ch\/onlineshop\/rideau-de-jour-lyna-aspect-lin-colore\/\" class=\"woocommerce-LoopProduct-link woocommerce-loop-product__link\"><img data-lazy=\"https:\/\/easycurtain.ch\/wp-content\/uploads\/2023\/11\/tagesvorhang-lyna-dunkelbraun-stoffmuster-680x680.jpg\" width=\"680\" height=\"680\" alt=\"Rideau de jour LYNA (aspect lin, color\u00e9)\" class=\"slick-loading\"><\/a><a href=\"https:\/\/easycurtain.ch\/fr-ch\/onlineshop\/rideau-de-jour-lyna-aspect-lin-colore\/\" class=\"woocommerce-LoopProduct-link woocommerce-loop-product__link\"><img data-lazy=\"https:\/\/easycurtain.ch\/wp-content\/uploads\/2023\/11\/tagesvorhang-lyna-braun-stoffmuster-680x680.jpg\" width=\"680\" height=\"680\" alt=\"Rideau de jour LYNA (aspect lin, color\u00e9)\" class=\"slick-loading\"><\/a><\/div><div class=\"product-summary\"><h2 class=\"woocommerce-loop-product__title\"><a href=\"https:\/\/easycurtain.ch\/fr-ch\/onlineshop\/rideau-de-jour-lyna-aspect-lin-colore\/\" class=\"woocommerce-LoopProduct-link woocommerce-loop-product__link\">Rideau de jour LYNA (aspect lin, color\u00e9)<\/a><\/h2>\n\t<span class=\"price\"><span class=\"woocommerce-Price-amount amount\"><bdi><span class=\"woocommerce-Price-currencySymbol\">&#67;&#72;&#70;<\/span>&nbsp;32.00<\/bdi><\/span><\/span>\n\n<div class=\"buttons clearfix\">\t<span id=\"woocommerce_loop_add_to_cart_link_describedby_101441\" class=\"screen-reader-text\">\n\t\t\t<\/span>\n<a href=\"?add-to-wishlist=101441\" class=\"wcboost-wishlist-button wcboost-wishlist-button--theme button wp-element-button wcboost-wishlist-button--ajax\" data-quantity=\"1\" data-product_id=\"101441\" aria-label=\"Add &ldquo;Rideau de jour LYNA (aspect lin, color\u00e9)&rdquo; to the wishlist\" rel=\"nofollow\"><span class=\"wcboost-wishlist-button__icon\"><span class=\"svg-icon icon-heart-o size-normal \"><svg role=\"img\"> <use href=\"#heart-o\" xlink:href=\"#heart-o\"><\/use> <\/svg><\/span><\/span><span class=\"wcboost-wishlist-button__text\">Ajouter \u00e0 la liste de souhaits<\/span><\/a><\/div><\/div><\/div><\/li>\n<li class=\"product type-product post-101406 status-publish last instock product_cat-rideaux product_cat-rideaux-transparents product_tag-rideaux-de-jour has-post-thumbnail featured taxable shipping-taxable purchasable product-type-simple\">\n\t<div class=\"product-inner\"><span class=\"woocommerce-badges woocommerce-badges--round\"><span class=\"featured woocommerce-badge\"><span>Hot<\/span><\/span><\/span><div class=\"product-thumbnail product-thumbnails--slider\"><a href=\"https:\/\/easycurtain.ch\/fr-ch\/onlineshop\/rideau-de-jour-lysa-voile-blanc\/\" class=\"woocommerce-LoopProduct-link woocommerce-loop-product__link\"><img loading=\"lazy\" decoding=\"async\" width=\"680\" height=\"680\" src=\"https:\/\/easycurtain.ch\/wp-content\/uploads\/2023\/11\/tagesvorhang-lysa-stoff-transparenz-3-1-680x680.jpg\" class=\"attachment-woocommerce_thumbnail size-woocommerce_thumbnail\" alt=\"Rideau de jour LYSA\" srcset=\"https:\/\/easycurtain.ch\/wp-content\/uploads\/2023\/11\/tagesvorhang-lysa-stoff-transparenz-3-1-680x680.jpg 680w, https:\/\/easycurtain.ch\/wp-content\/uploads\/2023\/11\/tagesvorhang-lysa-stoff-transparenz-3-1-300x300.jpg 300w, https:\/\/easycurtain.ch\/wp-content\/uploads\/2023\/11\/tagesvorhang-lysa-stoff-transparenz-3-1-1024x1024.jpg 1024w, https:\/\/easycurtain.ch\/wp-content\/uploads\/2023\/11\/tagesvorhang-lysa-stoff-transparenz-3-1-150x150.jpg 150w, https:\/\/easycurtain.ch\/wp-content\/uploads\/2023\/11\/tagesvorhang-lysa-stoff-transparenz-3-1-768x768.jpg 768w, https:\/\/easycurtain.ch\/wp-content\/uploads\/2023\/11\/tagesvorhang-lysa-stoff-transparenz-3-1-840x840.jpg 840w, https:\/\/easycurtain.ch\/wp-content\/uploads\/2023\/11\/tagesvorhang-lysa-stoff-transparenz-3-1.jpg 1200w\" sizes=\"auto, (max-width: 680px) 100vw, 680px\" \/><\/a><a href=\"https:\/\/easycurtain.ch\/fr-ch\/onlineshop\/rideau-de-jour-lysa-voile-blanc\/\" class=\"woocommerce-LoopProduct-link woocommerce-loop-product__link\"><img data-lazy=\"https:\/\/easycurtain.ch\/wp-content\/uploads\/2023\/11\/tagesvorhang-lysa-vorhang-halboffen-680x680.jpg\" width=\"680\" height=\"680\" alt=\"Rideau de jour LYSA (voile, blanc)\" class=\"slick-loading\"><\/a><a href=\"https:\/\/easycurtain.ch\/fr-ch\/onlineshop\/rideau-de-jour-lysa-voile-blanc\/\" class=\"woocommerce-LoopProduct-link woocommerce-loop-product__link\"><img data-lazy=\"https:\/\/easycurtain.ch\/wp-content\/uploads\/2023\/11\/tagesvorhang-lysa-vorhang-offen-680x680.jpg\" width=\"680\" height=\"680\" alt=\"Rideau de jour LYSA (voile, blanc)\" class=\"slick-loading\"><\/a><a href=\"https:\/\/easycurtain.ch\/fr-ch\/onlineshop\/rideau-de-jour-lysa-voile-blanc\/\" class=\"woocommerce-LoopProduct-link woocommerce-loop-product__link\"><img data-lazy=\"https:\/\/easycurtain.ch\/wp-content\/uploads\/2023\/11\/tagesvorhang-lysa-wellen-transparenz-680x680.jpg\" width=\"680\" height=\"680\" alt=\"Rideau de jour LYSA (voile, blanc)\" class=\"slick-loading\"><\/a><a href=\"https:\/\/easycurtain.ch\/fr-ch\/onlineshop\/rideau-de-jour-lysa-voile-blanc\/\" class=\"woocommerce-LoopProduct-link woocommerce-loop-product__link\"><img data-lazy=\"https:\/\/easycurtain.ch\/wp-content\/uploads\/2023\/11\/tagesvorhang-lysa-wellen-transparenz-1-680x680.jpg\" width=\"680\" height=\"680\" alt=\"Rideau de jour LYSA (voile, blanc)\" class=\"slick-loading\"><\/a><a href=\"https:\/\/easycurtain.ch\/fr-ch\/onlineshop\/rideau-de-jour-lysa-voile-blanc\/\" class=\"woocommerce-LoopProduct-link woocommerce-loop-product__link\"><img data-lazy=\"https:\/\/easycurtain.ch\/wp-content\/uploads\/2023\/11\/tagesvorhang-lysa-wellen-beschwerungsband-680x680.jpg\" width=\"680\" height=\"680\" alt=\"Rideau de jour LYSA (voile, blanc)\" class=\"slick-loading\"><\/a><a href=\"https:\/\/easycurtain.ch\/fr-ch\/onlineshop\/rideau-de-jour-lysa-voile-blanc\/\" class=\"woocommerce-LoopProduct-link woocommerce-loop-product__link\"><img data-lazy=\"https:\/\/easycurtain.ch\/wp-content\/uploads\/2023\/11\/tagesvorhang-lysa-stoff-transparenz-1-680x680.jpg\" width=\"680\" height=\"680\" alt=\"Rideau de jour LYSA (voile, blanc)\" class=\"slick-loading\"><\/a><a href=\"https:\/\/easycurtain.ch\/fr-ch\/onlineshop\/rideau-de-jour-lysa-voile-blanc\/\" class=\"woocommerce-LoopProduct-link woocommerce-loop-product__link\"><img data-lazy=\"https:\/\/easycurtain.ch\/wp-content\/uploads\/2023\/11\/tagesvorhang-lysa-weiss-1-stoffmuster-680x680.jpg\" width=\"680\" height=\"680\" alt=\"Rideau de jour LYSA (voile, blanc)\" class=\"slick-loading\"><\/a><a href=\"https:\/\/easycurtain.ch\/fr-ch\/onlineshop\/rideau-de-jour-lysa-voile-blanc\/\" class=\"woocommerce-LoopProduct-link woocommerce-loop-product__link\"><img data-lazy=\"https:\/\/easycurtain.ch\/wp-content\/uploads\/2023\/11\/tagesvorhang-lysa-vorhang-halboffen-3-680x680.jpg\" width=\"680\" height=\"680\" alt=\"Rideau de jour LYSA (voile, blanc)\" class=\"slick-loading\"><\/a><a href=\"https:\/\/easycurtain.ch\/fr-ch\/onlineshop\/rideau-de-jour-lysa-voile-blanc\/\" class=\"woocommerce-LoopProduct-link woocommerce-loop-product__link\"><img data-lazy=\"https:\/\/easycurtain.ch\/wp-content\/uploads\/2023\/11\/tagesvorhang-lysa-stoff-680x680.jpg\" width=\"680\" height=\"680\" alt=\"Rideau de jour LYSA (voile, blanc)\" class=\"slick-loading\"><\/a><a href=\"https:\/\/easycurtain.ch\/fr-ch\/onlineshop\/rideau-de-jour-lysa-voile-blanc\/\" class=\"woocommerce-LoopProduct-link woocommerce-loop-product__link\"><img data-lazy=\"https:\/\/easycurtain.ch\/wp-content\/uploads\/2023\/11\/tagesvorhang-lysa-vorhang-halboffen-2-680x680.jpg\" width=\"680\" height=\"680\" alt=\"Rideau de jour LYSA (voile, blanc)\" class=\"slick-loading\"><\/a><a href=\"https:\/\/easycurtain.ch\/fr-ch\/onlineshop\/rideau-de-jour-lysa-voile-blanc\/\" class=\"woocommerce-LoopProduct-link woocommerce-loop-product__link\"><img data-lazy=\"https:\/\/easycurtain.ch\/wp-content\/uploads\/2023\/11\/tagesvorhang-lysa-vorhang-geschlossen-680x680.jpg\" width=\"680\" height=\"680\" alt=\"Rideau de jour LYSA (voile, blanc)\" class=\"slick-loading\"><\/a><a href=\"https:\/\/easycurtain.ch\/fr-ch\/onlineshop\/rideau-de-jour-lysa-voile-blanc\/\" class=\"woocommerce-LoopProduct-link woocommerce-loop-product__link\"><img data-lazy=\"https:\/\/easycurtain.ch\/wp-content\/uploads\/2023\/11\/tagesvorhang-lysa-transparenz-680x680.jpg\" width=\"680\" height=\"680\" alt=\"Rideau de jour LYSA (voile, blanc)\" class=\"slick-loading\"><\/a><a href=\"https:\/\/easycurtain.ch\/fr-ch\/onlineshop\/rideau-de-jour-lysa-voile-blanc\/\" class=\"woocommerce-LoopProduct-link woocommerce-loop-product__link\"><img data-lazy=\"https:\/\/easycurtain.ch\/wp-content\/uploads\/2023\/11\/tagesvorhang-lysa-stoff-transparenz-680x680.jpg\" width=\"680\" height=\"680\" alt=\"Rideau de jour LYSA (voile, blanc)\" class=\"slick-loading\"><\/a><a href=\"https:\/\/easycurtain.ch\/fr-ch\/onlineshop\/rideau-de-jour-lysa-voile-blanc\/\" class=\"woocommerce-LoopProduct-link woocommerce-loop-product__link\"><img data-lazy=\"https:\/\/easycurtain.ch\/wp-content\/uploads\/2023\/11\/tagesvorhang-lysa-stoff-transparenz-2-680x680.jpg\" width=\"680\" height=\"680\" alt=\"Rideau de jour LYSA (voile, blanc)\" class=\"slick-loading\"><\/a><\/div><div class=\"product-summary\"><h2 class=\"woocommerce-loop-product__title\"><a href=\"https:\/\/easycurtain.ch\/fr-ch\/onlineshop\/rideau-de-jour-lysa-voile-blanc\/\" class=\"woocommerce-LoopProduct-link woocommerce-loop-product__link\">Rideau de jour LYSA (voile, blanc)<\/a><\/h2>\n\t<span class=\"price\"><span class=\"woocommerce-Price-amount amount\"><bdi><span class=\"woocommerce-Price-currencySymbol\">&#67;&#72;&#70;<\/span>&nbsp;26.00<\/bdi><\/span><\/span>\n\n<div class=\"buttons clearfix\">\t<span id=\"woocommerce_loop_add_to_cart_link_describedby_101406\" class=\"screen-reader-text\">\n\t\t\t<\/span>\n<a href=\"?add-to-wishlist=101406\" class=\"wcboost-wishlist-button wcboost-wishlist-button--theme button wp-element-button wcboost-wishlist-button--ajax\" data-quantity=\"1\" data-product_id=\"101406\" aria-label=\"Add &ldquo;Rideau de jour LYSA (voile, blanc)&rdquo; to the wishlist\" rel=\"nofollow\"><span class=\"wcboost-wishlist-button__icon\"><span class=\"svg-icon icon-heart-o size-normal \"><svg role=\"img\"> <use href=\"#heart-o\" xlink:href=\"#heart-o\"><\/use> <\/svg><\/span><\/span><span class=\"wcboost-wishlist-button__text\">Ajouter \u00e0 la liste de souhaits<\/span><\/a><\/div><\/div><\/div><\/li>\n<li class=\"product type-product post-101506 status-publish first instock product_cat-rideaux product_cat-rideaux-transparents product_tag-premium-fr-ch product_tag-rideaux-de-jour has-post-thumbnail taxable shipping-taxable purchasable product-type-simple\">\n\t<div class=\"product-inner\"><div class=\"product-thumbnail product-thumbnails--slider\"><a href=\"https:\/\/easycurtain.ch\/fr-ch\/onlineshop\/rideau-de-jour-yava-voile-premium-blanc\/\" class=\"woocommerce-LoopProduct-link woocommerce-loop-product__link\"><img loading=\"lazy\" decoding=\"async\" width=\"680\" height=\"680\" src=\"https:\/\/easycurtain.ch\/wp-content\/uploads\/2023\/11\/tagesvorhang-yava-titelbild-680x680.jpg\" class=\"attachment-woocommerce_thumbnail size-woocommerce_thumbnail\" alt=\"Voilage YAVA\" srcset=\"https:\/\/easycurtain.ch\/wp-content\/uploads\/2023\/11\/tagesvorhang-yava-titelbild-680x680.jpg 680w, https:\/\/easycurtain.ch\/wp-content\/uploads\/2023\/11\/tagesvorhang-yava-titelbild-300x300.jpg 300w, https:\/\/easycurtain.ch\/wp-content\/uploads\/2023\/11\/tagesvorhang-yava-titelbild-1024x1024.jpg 1024w, https:\/\/easycurtain.ch\/wp-content\/uploads\/2023\/11\/tagesvorhang-yava-titelbild-150x150.jpg 150w, https:\/\/easycurtain.ch\/wp-content\/uploads\/2023\/11\/tagesvorhang-yava-titelbild-768x768.jpg 768w, https:\/\/easycurtain.ch\/wp-content\/uploads\/2023\/11\/tagesvorhang-yava-titelbild-840x840.jpg 840w, https:\/\/easycurtain.ch\/wp-content\/uploads\/2023\/11\/tagesvorhang-yava-titelbild.jpg 1200w\" sizes=\"auto, (max-width: 680px) 100vw, 680px\" \/><\/a><a href=\"https:\/\/easycurtain.ch\/fr-ch\/onlineshop\/rideau-de-jour-yava-voile-premium-blanc\/\" class=\"woocommerce-LoopProduct-link woocommerce-loop-product__link\"><img data-lazy=\"https:\/\/easycurtain.ch\/wp-content\/uploads\/2023\/11\/tagesvorhang-yava-vorhang-geschlossen-680x680.jpg\" width=\"680\" height=\"680\" alt=\"Rideau de jour YAVA (voile premium, blanc)\" class=\"slick-loading\"><\/a><a href=\"https:\/\/easycurtain.ch\/fr-ch\/onlineshop\/rideau-de-jour-yava-voile-premium-blanc\/\" class=\"woocommerce-LoopProduct-link woocommerce-loop-product__link\"><img data-lazy=\"https:\/\/easycurtain.ch\/wp-content\/uploads\/2023\/11\/tagesvorhang-yava-vorhang-offen-raumansicht-680x680.jpg\" width=\"680\" height=\"680\" alt=\"Rideau de jour YAVA (voile premium, blanc)\" class=\"slick-loading\"><\/a><a href=\"https:\/\/easycurtain.ch\/fr-ch\/onlineshop\/rideau-de-jour-yava-voile-premium-blanc\/\" class=\"woocommerce-LoopProduct-link woocommerce-loop-product__link\"><img data-lazy=\"https:\/\/easycurtain.ch\/wp-content\/uploads\/2023\/11\/tagesvorhang-yava-vorhang-halboffen-680x680.jpg\" width=\"680\" height=\"680\" alt=\"Rideau de jour YAVA (voile premium, blanc)\" class=\"slick-loading\"><\/a><a href=\"https:\/\/easycurtain.ch\/fr-ch\/onlineshop\/rideau-de-jour-yava-voile-premium-blanc\/\" class=\"woocommerce-LoopProduct-link woocommerce-loop-product__link\"><img data-lazy=\"https:\/\/easycurtain.ch\/wp-content\/uploads\/2023\/11\/tagesvorhang-yava-vorhang-offen-680x680.jpg\" width=\"680\" height=\"680\" alt=\"Rideau de jour YAVA (voile premium, blanc)\" class=\"slick-loading\"><\/a><a href=\"https:\/\/easycurtain.ch\/fr-ch\/onlineshop\/rideau-de-jour-yava-voile-premium-blanc\/\" class=\"woocommerce-LoopProduct-link woocommerce-loop-product__link\"><img data-lazy=\"https:\/\/easycurtain.ch\/wp-content\/uploads\/2023\/11\/tagesvorhang-yava-beschwerungsband-680x680.jpg\" width=\"680\" height=\"680\" alt=\"Rideau de jour YAVA (voile premium, blanc)\" class=\"slick-loading\"><\/a><a href=\"https:\/\/easycurtain.ch\/fr-ch\/onlineshop\/rideau-de-jour-yava-voile-premium-blanc\/\" class=\"woocommerce-LoopProduct-link woocommerce-loop-product__link\"><img data-lazy=\"https:\/\/easycurtain.ch\/wp-content\/uploads\/2023\/11\/tagesvorhang-yava-weiss-1-stoffmuster-680x680.jpg\" width=\"680\" height=\"680\" alt=\"Rideau de jour YAVA (voile premium, blanc)\" class=\"slick-loading\"><\/a><a href=\"https:\/\/easycurtain.ch\/fr-ch\/onlineshop\/rideau-de-jour-yava-voile-premium-blanc\/\" class=\"woocommerce-LoopProduct-link woocommerce-loop-product__link\"><img data-lazy=\"https:\/\/easycurtain.ch\/wp-content\/uploads\/2023\/11\/tagesvorhang-yava-vstoff-680x680.jpg\" width=\"680\" height=\"680\" alt=\"Rideau de jour YAVA (voile premium, blanc)\" class=\"slick-loading\"><\/a><a href=\"https:\/\/easycurtain.ch\/fr-ch\/onlineshop\/rideau-de-jour-yava-voile-premium-blanc\/\" class=\"woocommerce-LoopProduct-link woocommerce-loop-product__link\"><img data-lazy=\"https:\/\/easycurtain.ch\/wp-content\/uploads\/2023\/11\/tagesvorhang-yava-transparenz-680x680.jpg\" width=\"680\" height=\"680\" alt=\"Rideau de jour YAVA (voile premium, blanc)\" class=\"slick-loading\"><\/a><a href=\"https:\/\/easycurtain.ch\/fr-ch\/onlineshop\/rideau-de-jour-yava-voile-premium-blanc\/\" class=\"woocommerce-LoopProduct-link woocommerce-loop-product__link\"><img data-lazy=\"https:\/\/easycurtain.ch\/wp-content\/uploads\/2023\/11\/tagesvorhang-yava-stoff-struktur-680x680.jpg\" width=\"680\" height=\"680\" alt=\"Rideau de jour YAVA (voile premium, blanc)\" class=\"slick-loading\"><\/a><a href=\"https:\/\/easycurtain.ch\/fr-ch\/onlineshop\/rideau-de-jour-yava-voile-premium-blanc\/\" class=\"woocommerce-LoopProduct-link woocommerce-loop-product__link\"><img data-lazy=\"https:\/\/easycurtain.ch\/wp-content\/uploads\/2023\/11\/tagesvorhang-yava-konfektionsart-680x680.jpg\" width=\"680\" height=\"680\" alt=\"Rideau de jour YAVA (voile premium, blanc)\" class=\"slick-loading\"><\/a><\/div><div class=\"product-summary\"><h2 class=\"woocommerce-loop-product__title\"><a href=\"https:\/\/easycurtain.ch\/fr-ch\/onlineshop\/rideau-de-jour-yava-voile-premium-blanc\/\" class=\"woocommerce-LoopProduct-link woocommerce-loop-product__link\">Rideau de jour YAVA (voile premium, blanc)<\/a><\/h2>\n\t<span class=\"price\"><span class=\"woocommerce-Price-amount amount\"><bdi><span class=\"woocommerce-Price-currencySymbol\">&#67;&#72;&#70;<\/span>&nbsp;32.00<\/bdi><\/span><\/span>\n\n<div class=\"buttons clearfix\">\t<span id=\"woocommerce_loop_add_to_cart_link_describedby_101506\" class=\"screen-reader-text\">\n\t\t\t<\/span>\n<a href=\"?add-to-wishlist=101506\" class=\"wcboost-wishlist-button wcboost-wishlist-button--theme button wp-element-button wcboost-wishlist-button--ajax\" data-quantity=\"1\" data-product_id=\"101506\" aria-label=\"Add &ldquo;Rideau de jour YAVA (voile premium, blanc)&rdquo; to the wishlist\" rel=\"nofollow\"><span class=\"wcboost-wishlist-button__icon\"><span class=\"svg-icon icon-heart-o size-normal \"><svg role=\"img\"> <use href=\"#heart-o\" xlink:href=\"#heart-o\"><\/use> <\/svg><\/span><\/span><span class=\"wcboost-wishlist-button__text\">Ajouter \u00e0 la liste de souhaits<\/span><\/a><\/div><\/div><\/div><\/li>\n<\/ul><\/div><a href=\"https:\/\/easycurtain.ch\/fr-ch\/k\/rideaux\/\" title=\"Tous les rideaux\" class=\"konte-button button-normal text-default align-inline normal   button square\">Montrer tous les rideaux<\/a>[\/vc_column][\/vc_row]<\/p>\n<\/div>","protected":false},"excerpt":{"rendered":"<p>[vc_row][vc_column width=&#8221;1\/2&#8243;][vc_single_image image=&#8221;100331&#8243; img_size=&#8221;large&#8221; title=&#8221;Protection visuelle tendance&#8221;][\/vc_column][vc_column width=&#8221;1\/2&#8243;][vc_column_text css=&#8221;.vc_custom_1699022982502{margin-bottom: 0px !important;border-bottom-width: 0px !important;padding-bottom: 0px !important;}&#8221;] Rideaux opaques Rideaux opaques : cela comprend aussi bien nos rideaux de jour que nos&hellip;<\/p>\n","protected":false},"author":1,"featured_media":100329,"comment_status":"closed","ping_status":"closed","sticky":false,"template":"","format":"standard","meta":{"_acf_changed":false,"footnotes":""},"categories":[345,354,592,353],"tags":[],"class_list":["post-102775","post","type-post","status-publish","format-standard","has-post-thumbnail","hentry","category-generalites","category-rideaux-de-jour","category-rideaux-opaques","category-rideaux-sur-mesure"],"acf":[],"yoast_head":"<!-- This site is optimized with the Yoast SEO plugin v27.1.1 - https:\/\/yoast.com\/product\/yoast-seo-wordpress\/ -->\n<title>Rideaux opaques - easyCurtain<\/title>\n<meta name=\"robots\" content=\"index, follow, max-snippet:-1, max-image-preview:large, max-video-preview:-1\" \/>\n<link rel=\"canonical\" href=\"https:\/\/easycurtain.ch\/fr-ch\/rideaux-opaques-2\/\" \/>\n<meta property=\"og:locale\" content=\"fr_FR\" \/>\n<meta property=\"og:type\" content=\"article\" \/>\n<meta property=\"og:title\" content=\"Rideaux opaques - easyCurtain\" \/>\n<meta property=\"og:description\" content=\"[vc_row][vc_column width=&#8221;1\/2&#8243;][vc_single_image image=&#8221;100331&#8243; img_size=&#8221;large&#8221; title=&#8221;Protection visuelle tendance&#8221;][\/vc_column][vc_column width=&#8221;1\/2&#8243;][vc_column_text css=&#8221;.vc_custom_1699022982502{margin-bottom: 0px !important;border-bottom-width: 0px !important;padding-bottom: 0px !important;}&#8221;] Rideaux opaques Rideaux opaques : cela comprend aussi bien nos rideaux de jour que nos&hellip;\" \/>\n<meta property=\"og:url\" content=\"https:\/\/easycurtain.ch\/fr-ch\/rideaux-opaques-2\/\" \/>\n<meta property=\"og:site_name\" content=\"easyCurtain\" \/>\n<meta property=\"article:published_time\" content=\"2018-07-27T08:53:10+00:00\" \/>\n<meta property=\"article:modified_time\" content=\"2023-11-21T15:28:37+00:00\" \/>\n<meta property=\"og:image\" content=\"https:\/\/easycurtain.ch\/wp-content\/uploads\/2018\/07\/blickdichte-vorhaenge-online-bestellen.jpg\" \/>\n\t<meta property=\"og:image:width\" content=\"1140\" \/>\n\t<meta property=\"og:image:height\" content=\"480\" \/>\n\t<meta property=\"og:image:type\" content=\"image\/jpeg\" \/>\n<meta name=\"author\" content=\"admin\" \/>\n<meta name=\"twitter:card\" content=\"summary_large_image\" \/>\n<meta name=\"twitter:label1\" content=\"Written by\" \/>\n\t<meta name=\"twitter:data1\" content=\"admin\" \/>\n\t<meta name=\"twitter:label2\" content=\"Est. reading time\" \/>\n\t<meta name=\"twitter:data2\" content=\"1 minute\" \/>\n<script type=\"application\/ld+json\" class=\"yoast-schema-graph\">{\"@context\":\"https:\/\/schema.org\",\"@graph\":[{\"@type\":\"Article\",\"@id\":\"https:\/\/easycurtain.ch\/fr-ch\/rideaux-opaques-2\/#article\",\"isPartOf\":{\"@id\":\"https:\/\/easycurtain.ch\/fr-ch\/rideaux-opaques-2\/\"},\"author\":{\"name\":\"admin\",\"@id\":\"https:\/\/easycurtain.ch\/fr-ch\/#\/schema\/person\/1f959e8be40e714bbfa015f2bd04eac5\"},\"headline\":\"Rideaux opaques\",\"datePublished\":\"2018-07-27T08:53:10+00:00\",\"dateModified\":\"2023-11-21T15:28:37+00:00\",\"mainEntityOfPage\":{\"@id\":\"https:\/\/easycurtain.ch\/fr-ch\/rideaux-opaques-2\/\"},\"wordCount\":294,\"publisher\":{\"@id\":\"https:\/\/easycurtain.ch\/fr-ch\/#organization\"},\"image\":{\"@id\":\"https:\/\/easycurtain.ch\/fr-ch\/rideaux-opaques-2\/#primaryimage\"},\"thumbnailUrl\":\"https:\/\/easycurtain.ch\/wp-content\/uploads\/2018\/07\/blickdichte-vorhaenge-online-bestellen.jpg\",\"articleSection\":[\"G\u00e9n\u00e9ralit\u00e9s\",\"Rideaux de jour\",\"Rideaux opaques\",\"Rideaux sur mesure\"],\"inLanguage\":\"fr-CH\"},{\"@type\":\"WebPage\",\"@id\":\"https:\/\/easycurtain.ch\/fr-ch\/rideaux-opaques-2\/\",\"url\":\"https:\/\/easycurtain.ch\/fr-ch\/rideaux-opaques-2\/\",\"name\":\"Rideaux opaques - easyCurtain\",\"isPartOf\":{\"@id\":\"https:\/\/easycurtain.ch\/fr-ch\/#website\"},\"primaryImageOfPage\":{\"@id\":\"https:\/\/easycurtain.ch\/fr-ch\/rideaux-opaques-2\/#primaryimage\"},\"image\":{\"@id\":\"https:\/\/easycurtain.ch\/fr-ch\/rideaux-opaques-2\/#primaryimage\"},\"thumbnailUrl\":\"https:\/\/easycurtain.ch\/wp-content\/uploads\/2018\/07\/blickdichte-vorhaenge-online-bestellen.jpg\",\"datePublished\":\"2018-07-27T08:53:10+00:00\",\"dateModified\":\"2023-11-21T15:28:37+00:00\",\"breadcrumb\":{\"@id\":\"https:\/\/easycurtain.ch\/fr-ch\/rideaux-opaques-2\/#breadcrumb\"},\"inLanguage\":\"fr-CH\",\"potentialAction\":[{\"@type\":\"ReadAction\",\"target\":[\"https:\/\/easycurtain.ch\/fr-ch\/rideaux-opaques-2\/\"]}]},{\"@type\":\"ImageObject\",\"inLanguage\":\"fr-CH\",\"@id\":\"https:\/\/easycurtain.ch\/fr-ch\/rideaux-opaques-2\/#primaryimage\",\"url\":\"https:\/\/easycurtain.ch\/wp-content\/uploads\/2018\/07\/blickdichte-vorhaenge-online-bestellen.jpg\",\"contentUrl\":\"https:\/\/easycurtain.ch\/wp-content\/uploads\/2018\/07\/blickdichte-vorhaenge-online-bestellen.jpg\",\"width\":1140,\"height\":480,\"caption\":\"Blickdichte Vorh\u00e4nge online bestellen\"},{\"@type\":\"BreadcrumbList\",\"@id\":\"https:\/\/easycurtain.ch\/fr-ch\/rideaux-opaques-2\/#breadcrumb\",\"itemListElement\":[{\"@type\":\"ListItem\",\"position\":1,\"name\":\"Home\",\"item\":\"https:\/\/easycurtain.ch\/fr-ch\/?page_id=101168\"},{\"@type\":\"ListItem\",\"position\":2,\"name\":\"Rideaux opaques\"}]},{\"@type\":\"WebSite\",\"@id\":\"https:\/\/easycurtain.ch\/fr-ch\/#website\",\"url\":\"https:\/\/easycurtain.ch\/fr-ch\/\",\"name\":\"easyCurtain\",\"description\":\"Superbes rideaux. Petits prix.\",\"publisher\":{\"@id\":\"https:\/\/easycurtain.ch\/fr-ch\/#organization\"},\"potentialAction\":[{\"@type\":\"SearchAction\",\"target\":{\"@type\":\"EntryPoint\",\"urlTemplate\":\"https:\/\/easycurtain.ch\/fr-ch\/?s={search_term_string}\"},\"query-input\":{\"@type\":\"PropertyValueSpecification\",\"valueRequired\":true,\"valueName\":\"search_term_string\"}}],\"inLanguage\":\"fr-CH\"},{\"@type\":\"Organization\",\"@id\":\"https:\/\/easycurtain.ch\/fr-ch\/#organization\",\"name\":\"easyCurtain\",\"url\":\"https:\/\/easycurtain.ch\/fr-ch\/\",\"logo\":{\"@type\":\"ImageObject\",\"inLanguage\":\"fr-CH\",\"@id\":\"https:\/\/easycurtain.ch\/fr-ch\/#\/schema\/logo\/image\/\",\"url\":\"https:\/\/easycurtain.ch\/wp-content\/uploads\/2023\/09\/logo-easycurtain-massvorhang-online-1.png\",\"contentUrl\":\"https:\/\/easycurtain.ch\/wp-content\/uploads\/2023\/09\/logo-easycurtain-massvorhang-online-1.png\",\"width\":600,\"height\":138,\"caption\":\"easyCurtain\"},\"image\":{\"@id\":\"https:\/\/easycurtain.ch\/fr-ch\/#\/schema\/logo\/image\/\"}},{\"@type\":\"Person\",\"@id\":\"https:\/\/easycurtain.ch\/fr-ch\/#\/schema\/person\/1f959e8be40e714bbfa015f2bd04eac5\",\"name\":\"admin\",\"image\":{\"@type\":\"ImageObject\",\"inLanguage\":\"fr-CH\",\"@id\":\"https:\/\/easycurtain.ch\/fr-ch\/#\/schema\/person\/image\/\",\"url\":\"https:\/\/secure.gravatar.com\/avatar\/cb069bea1457d574e89db43b42221dcedd7d4dea32b0877881cda3e42eedb691?s=96&d=mm&r=g\",\"contentUrl\":\"https:\/\/secure.gravatar.com\/avatar\/cb069bea1457d574e89db43b42221dcedd7d4dea32b0877881cda3e42eedb691?s=96&d=mm&r=g\",\"caption\":\"admin\"},\"sameAs\":[\"https:\/\/easycurtain.ch\"],\"url\":\"https:\/\/easycurtain.ch\/fr-ch\/author\/admin\/\"}]}<\/script>\n<!-- \/ Yoast SEO plugin. -->","yoast_head_json":{"title":"Rideaux opaques - easyCurtain","robots":{"index":"index","follow":"follow","max-snippet":"max-snippet:-1","max-image-preview":"max-image-preview:large","max-video-preview":"max-video-preview:-1"},"canonical":"https:\/\/easycurtain.ch\/fr-ch\/rideaux-opaques-2\/","og_locale":"fr_FR","og_type":"article","og_title":"Rideaux opaques - easyCurtain","og_description":"[vc_row][vc_column width=&#8221;1\/2&#8243;][vc_single_image image=&#8221;100331&#8243; img_size=&#8221;large&#8221; title=&#8221;Protection visuelle tendance&#8221;][\/vc_column][vc_column width=&#8221;1\/2&#8243;][vc_column_text css=&#8221;.vc_custom_1699022982502{margin-bottom: 0px !important;border-bottom-width: 0px !important;padding-bottom: 0px !important;}&#8221;] Rideaux opaques Rideaux opaques : cela comprend aussi bien nos rideaux de jour que nos&hellip;","og_url":"https:\/\/easycurtain.ch\/fr-ch\/rideaux-opaques-2\/","og_site_name":"easyCurtain","article_published_time":"2018-07-27T08:53:10+00:00","article_modified_time":"2023-11-21T15:28:37+00:00","og_image":[{"width":1140,"height":480,"url":"https:\/\/easycurtain.ch\/wp-content\/uploads\/2018\/07\/blickdichte-vorhaenge-online-bestellen.jpg","type":"image\/jpeg"}],"author":"admin","twitter_card":"summary_large_image","twitter_misc":{"Written by":"admin","Est. reading time":"1 minute"},"schema":{"@context":"https:\/\/schema.org","@graph":[{"@type":"Article","@id":"https:\/\/easycurtain.ch\/fr-ch\/rideaux-opaques-2\/#article","isPartOf":{"@id":"https:\/\/easycurtain.ch\/fr-ch\/rideaux-opaques-2\/"},"author":{"name":"admin","@id":"https:\/\/easycurtain.ch\/fr-ch\/#\/schema\/person\/1f959e8be40e714bbfa015f2bd04eac5"},"headline":"Rideaux opaques","datePublished":"2018-07-27T08:53:10+00:00","dateModified":"2023-11-21T15:28:37+00:00","mainEntityOfPage":{"@id":"https:\/\/easycurtain.ch\/fr-ch\/rideaux-opaques-2\/"},"wordCount":294,"publisher":{"@id":"https:\/\/easycurtain.ch\/fr-ch\/#organization"},"image":{"@id":"https:\/\/easycurtain.ch\/fr-ch\/rideaux-opaques-2\/#primaryimage"},"thumbnailUrl":"https:\/\/easycurtain.ch\/wp-content\/uploads\/2018\/07\/blickdichte-vorhaenge-online-bestellen.jpg","articleSection":["G\u00e9n\u00e9ralit\u00e9s","Rideaux de jour","Rideaux opaques","Rideaux sur mesure"],"inLanguage":"fr-CH"},{"@type":"WebPage","@id":"https:\/\/easycurtain.ch\/fr-ch\/rideaux-opaques-2\/","url":"https:\/\/easycurtain.ch\/fr-ch\/rideaux-opaques-2\/","name":"Rideaux opaques - easyCurtain","isPartOf":{"@id":"https:\/\/easycurtain.ch\/fr-ch\/#website"},"primaryImageOfPage":{"@id":"https:\/\/easycurtain.ch\/fr-ch\/rideaux-opaques-2\/#primaryimage"},"image":{"@id":"https:\/\/easycurtain.ch\/fr-ch\/rideaux-opaques-2\/#primaryimage"},"thumbnailUrl":"https:\/\/easycurtain.ch\/wp-content\/uploads\/2018\/07\/blickdichte-vorhaenge-online-bestellen.jpg","datePublished":"2018-07-27T08:53:10+00:00","dateModified":"2023-11-21T15:28:37+00:00","breadcrumb":{"@id":"https:\/\/easycurtain.ch\/fr-ch\/rideaux-opaques-2\/#breadcrumb"},"inLanguage":"fr-CH","potentialAction":[{"@type":"ReadAction","target":["https:\/\/easycurtain.ch\/fr-ch\/rideaux-opaques-2\/"]}]},{"@type":"ImageObject","inLanguage":"fr-CH","@id":"https:\/\/easycurtain.ch\/fr-ch\/rideaux-opaques-2\/#primaryimage","url":"https:\/\/easycurtain.ch\/wp-content\/uploads\/2018\/07\/blickdichte-vorhaenge-online-bestellen.jpg","contentUrl":"https:\/\/easycurtain.ch\/wp-content\/uploads\/2018\/07\/blickdichte-vorhaenge-online-bestellen.jpg","width":1140,"height":480,"caption":"Blickdichte Vorh\u00e4nge online bestellen"},{"@type":"BreadcrumbList","@id":"https:\/\/easycurtain.ch\/fr-ch\/rideaux-opaques-2\/#breadcrumb","itemListElement":[{"@type":"ListItem","position":1,"name":"Home","item":"https:\/\/easycurtain.ch\/fr-ch\/?page_id=101168"},{"@type":"ListItem","position":2,"name":"Rideaux opaques"}]},{"@type":"WebSite","@id":"https:\/\/easycurtain.ch\/fr-ch\/#website","url":"https:\/\/easycurtain.ch\/fr-ch\/","name":"easyCurtain","description":"Superbes rideaux. Petits prix.","publisher":{"@id":"https:\/\/easycurtain.ch\/fr-ch\/#organization"},"potentialAction":[{"@type":"SearchAction","target":{"@type":"EntryPoint","urlTemplate":"https:\/\/easycurtain.ch\/fr-ch\/?s={search_term_string}"},"query-input":{"@type":"PropertyValueSpecification","valueRequired":true,"valueName":"search_term_string"}}],"inLanguage":"fr-CH"},{"@type":"Organization","@id":"https:\/\/easycurtain.ch\/fr-ch\/#organization","name":"easyCurtain","url":"https:\/\/easycurtain.ch\/fr-ch\/","logo":{"@type":"ImageObject","inLanguage":"fr-CH","@id":"https:\/\/easycurtain.ch\/fr-ch\/#\/schema\/logo\/image\/","url":"https:\/\/easycurtain.ch\/wp-content\/uploads\/2023\/09\/logo-easycurtain-massvorhang-online-1.png","contentUrl":"https:\/\/easycurtain.ch\/wp-content\/uploads\/2023\/09\/logo-easycurtain-massvorhang-online-1.png","width":600,"height":138,"caption":"easyCurtain"},"image":{"@id":"https:\/\/easycurtain.ch\/fr-ch\/#\/schema\/logo\/image\/"}},{"@type":"Person","@id":"https:\/\/easycurtain.ch\/fr-ch\/#\/schema\/person\/1f959e8be40e714bbfa015f2bd04eac5","name":"admin","image":{"@type":"ImageObject","inLanguage":"fr-CH","@id":"https:\/\/easycurtain.ch\/fr-ch\/#\/schema\/person\/image\/","url":"https:\/\/secure.gravatar.com\/avatar\/cb069bea1457d574e89db43b42221dcedd7d4dea32b0877881cda3e42eedb691?s=96&d=mm&r=g","contentUrl":"https:\/\/secure.gravatar.com\/avatar\/cb069bea1457d574e89db43b42221dcedd7d4dea32b0877881cda3e42eedb691?s=96&d=mm&r=g","caption":"admin"},"sameAs":["https:\/\/easycurtain.ch"],"url":"https:\/\/easycurtain.ch\/fr-ch\/author\/admin\/"}]}},"_links":{"self":[{"href":"https:\/\/easycurtain.ch\/fr-ch\/wp-json\/wp\/v2\/posts\/102775","targetHints":{"allow":["GET"]}}],"collection":[{"href":"https:\/\/easycurtain.ch\/fr-ch\/wp-json\/wp\/v2\/posts"}],"about":[{"href":"https:\/\/easycurtain.ch\/fr-ch\/wp-json\/wp\/v2\/types\/post"}],"author":[{"embeddable":true,"href":"https:\/\/easycurtain.ch\/fr-ch\/wp-json\/wp\/v2\/users\/1"}],"replies":[{"embeddable":true,"href":"https:\/\/easycurtain.ch\/fr-ch\/wp-json\/wp\/v2\/comments?post=102775"}],"version-history":[{"count":2,"href":"https:\/\/easycurtain.ch\/fr-ch\/wp-json\/wp\/v2\/posts\/102775\/revisions"}],"predecessor-version":[{"id":102829,"href":"https:\/\/easycurtain.ch\/fr-ch\/wp-json\/wp\/v2\/posts\/102775\/revisions\/102829"}],"wp:featuredmedia":[{"embeddable":true,"href":"https:\/\/easycurtain.ch\/fr-ch\/wp-json\/wp\/v2\/media\/100329"}],"wp:attachment":[{"href":"https:\/\/easycurtain.ch\/fr-ch\/wp-json\/wp\/v2\/media?parent=102775"}],"wp:term":[{"taxonomy":"category","embeddable":true,"href":"https:\/\/easycurtain.ch\/fr-ch\/wp-json\/wp\/v2\/categories?post=102775"},{"taxonomy":"post_tag","embeddable":true,"href":"https:\/\/easycurtain.ch\/fr-ch\/wp-json\/wp\/v2\/tags?post=102775"}],"curies":[{"name":"wp","href":"https:\/\/api.w.org\/{rel}","templated":true}]}}