{"id":102212,"date":"2018-11-13T17:28:28","date_gmt":"2018-11-13T17:28:28","guid":{"rendered":"https:\/\/easycurtain.ch\/rideaux-nobles\/"},"modified":"2023-11-21T15:26:45","modified_gmt":"2023-11-21T15:26:45","slug":"rideaux-nobles","status":"publish","type":"post","link":"https:\/\/easycurtain.ch\/fr-ch\/rideaux-nobles\/","title":{"rendered":"Rideaux nobles"},"content":{"rendered":"<div class=\"wpb-content-wrapper\"><p>[vc_row][vc_column width=&#8221;1\/2&#8243;][vc_single_image image=&#8221;100167&#8243; img_size=&#8221;large&#8221; title=&#8221;noble &amp; pratique&#8221;][\/vc_column][vc_column width=&#8221;1\/2&#8243;][vc_column_text css=&#8221;.vc_custom_1699010443368{margin-bottom: 0px !important;border-bottom-width: 0px !important;padding-bottom: 0px !important;}&#8221;]<\/p>\n<h2>Rideaux nobles<\/h2>\n<p>Tu cherches des rideaux \u00e9l\u00e9gants pour ton appartement ? Chez nous, tu trouveras des <strong>rideaux raffin\u00e9s<\/strong> pour tous les go\u00fbts.<\/p>\n<p>Les \u00e9l\u00e9gants <strong>rideaux de jour<\/strong> apportent une fra\u00eecheur a\u00e9r\u00e9e aux chambres. Elles sont faites de mat\u00e9riaux fins et laissent passer beaucoup de lumi\u00e8re naturelle dans les pi\u00e8ces. Pendant la journ\u00e9e, ils prot\u00e8gent des regards indiscrets et te permettent de continuer \u00e0 voir l&#8217;ext\u00e9rieur.<\/p>\n<p><strong>Les rideaux de nuit<\/strong> sont fabriqu\u00e9s dans un mat\u00e9riau plus \u00e9pais et prot\u00e8gent \u00e9galement des regards le soir. Ils sont donc parfaits pour les pi\u00e8ces dans lesquelles tu te trouves le soir &#8211; comme le salon ou la chambre \u00e0 coucher.<\/p>\n<p>Tu n&#8217;es pas encore s\u00fbr de savoir quel rideau s&#8217;adapte le mieux \u00e0 ton int\u00e9rieur ? Nous sommes heureux de t&#8217;envoyer<strong> des \u00e9chantillons de tissus gratuits<\/strong> \u00e0 la maison. Tu pourras ainsi tester les tissus tranquillement chez toi.[\/vc_column_text][vc_empty_space]<a href=\"https:\/\/easycurtain.ch\/fr-ch\/k\/rideaux\/\" title=\"Vers les rideaux\" class=\"konte-button button-normal text-default align-inline normal   button square\">Vers les rideaux<\/a>[vc_empty_space][\/vc_column][\/vc_row][vc_row][vc_column][vc_separator][vc_column_text]<\/p>\n<h2>Nos rideaux de jour<\/h2>\n<p>[\/vc_column_text]<div class=\"woocommerce columns-2 \"><ul class=\"products hover-slider columns-2\"><li class=\"product type-product post-101506 status-publish first instock product_cat-rideaux product_cat-rideaux-transparents product_tag-premium-fr-ch product_tag-rideaux-de-jour has-post-thumbnail taxable shipping-taxable purchasable product-type-simple\">\n\t<div class=\"product-inner\"><div class=\"product-thumbnail product-thumbnails--slider\"><a href=\"https:\/\/easycurtain.ch\/fr-ch\/onlineshop\/rideau-de-jour-yava-voile-premium-blanc\/\" class=\"woocommerce-LoopProduct-link woocommerce-loop-product__link\"><img loading=\"lazy\" decoding=\"async\" width=\"680\" height=\"680\" src=\"https:\/\/easycurtain.ch\/wp-content\/uploads\/2023\/11\/tagesvorhang-yava-titelbild-680x680.jpg\" class=\"attachment-woocommerce_thumbnail size-woocommerce_thumbnail\" alt=\"Voilage YAVA\" srcset=\"https:\/\/easycurtain.ch\/wp-content\/uploads\/2023\/11\/tagesvorhang-yava-titelbild-680x680.jpg 680w, https:\/\/easycurtain.ch\/wp-content\/uploads\/2023\/11\/tagesvorhang-yava-titelbild-300x300.jpg 300w, https:\/\/easycurtain.ch\/wp-content\/uploads\/2023\/11\/tagesvorhang-yava-titelbild-1024x1024.jpg 1024w, https:\/\/easycurtain.ch\/wp-content\/uploads\/2023\/11\/tagesvorhang-yava-titelbild-150x150.jpg 150w, https:\/\/easycurtain.ch\/wp-content\/uploads\/2023\/11\/tagesvorhang-yava-titelbild-768x768.jpg 768w, https:\/\/easycurtain.ch\/wp-content\/uploads\/2023\/11\/tagesvorhang-yava-titelbild-840x840.jpg 840w, https:\/\/easycurtain.ch\/wp-content\/uploads\/2023\/11\/tagesvorhang-yava-titelbild.jpg 1200w\" sizes=\"auto, (max-width: 680px) 100vw, 680px\" \/><\/a><a href=\"https:\/\/easycurtain.ch\/fr-ch\/onlineshop\/rideau-de-jour-yava-voile-premium-blanc\/\" class=\"woocommerce-LoopProduct-link woocommerce-loop-product__link\"><img data-lazy=\"https:\/\/easycurtain.ch\/wp-content\/uploads\/2023\/11\/tagesvorhang-yava-vorhang-geschlossen-680x680.jpg\" width=\"680\" height=\"680\" alt=\"Rideau de jour YAVA (voile premium, blanc)\" class=\"slick-loading\"><\/a><a href=\"https:\/\/easycurtain.ch\/fr-ch\/onlineshop\/rideau-de-jour-yava-voile-premium-blanc\/\" class=\"woocommerce-LoopProduct-link woocommerce-loop-product__link\"><img data-lazy=\"https:\/\/easycurtain.ch\/wp-content\/uploads\/2023\/11\/tagesvorhang-yava-vorhang-offen-raumansicht-680x680.jpg\" width=\"680\" height=\"680\" alt=\"Rideau de jour YAVA (voile premium, blanc)\" class=\"slick-loading\"><\/a><a href=\"https:\/\/easycurtain.ch\/fr-ch\/onlineshop\/rideau-de-jour-yava-voile-premium-blanc\/\" class=\"woocommerce-LoopProduct-link woocommerce-loop-product__link\"><img data-lazy=\"https:\/\/easycurtain.ch\/wp-content\/uploads\/2023\/11\/tagesvorhang-yava-vorhang-halboffen-680x680.jpg\" width=\"680\" height=\"680\" alt=\"Rideau de jour YAVA (voile premium, blanc)\" class=\"slick-loading\"><\/a><a href=\"https:\/\/easycurtain.ch\/fr-ch\/onlineshop\/rideau-de-jour-yava-voile-premium-blanc\/\" class=\"woocommerce-LoopProduct-link woocommerce-loop-product__link\"><img data-lazy=\"https:\/\/easycurtain.ch\/wp-content\/uploads\/2023\/11\/tagesvorhang-yava-vorhang-offen-680x680.jpg\" width=\"680\" height=\"680\" alt=\"Rideau de jour YAVA (voile premium, blanc)\" class=\"slick-loading\"><\/a><a href=\"https:\/\/easycurtain.ch\/fr-ch\/onlineshop\/rideau-de-jour-yava-voile-premium-blanc\/\" class=\"woocommerce-LoopProduct-link woocommerce-loop-product__link\"><img data-lazy=\"https:\/\/easycurtain.ch\/wp-content\/uploads\/2023\/11\/tagesvorhang-yava-beschwerungsband-680x680.jpg\" width=\"680\" height=\"680\" alt=\"Rideau de jour YAVA (voile premium, blanc)\" class=\"slick-loading\"><\/a><a href=\"https:\/\/easycurtain.ch\/fr-ch\/onlineshop\/rideau-de-jour-yava-voile-premium-blanc\/\" class=\"woocommerce-LoopProduct-link woocommerce-loop-product__link\"><img data-lazy=\"https:\/\/easycurtain.ch\/wp-content\/uploads\/2023\/11\/tagesvorhang-yava-weiss-1-stoffmuster-680x680.jpg\" width=\"680\" height=\"680\" alt=\"Rideau de jour YAVA (voile premium, blanc)\" class=\"slick-loading\"><\/a><a href=\"https:\/\/easycurtain.ch\/fr-ch\/onlineshop\/rideau-de-jour-yava-voile-premium-blanc\/\" class=\"woocommerce-LoopProduct-link woocommerce-loop-product__link\"><img data-lazy=\"https:\/\/easycurtain.ch\/wp-content\/uploads\/2023\/11\/tagesvorhang-yava-vstoff-680x680.jpg\" width=\"680\" height=\"680\" alt=\"Rideau de jour YAVA (voile premium, blanc)\" class=\"slick-loading\"><\/a><a href=\"https:\/\/easycurtain.ch\/fr-ch\/onlineshop\/rideau-de-jour-yava-voile-premium-blanc\/\" class=\"woocommerce-LoopProduct-link woocommerce-loop-product__link\"><img data-lazy=\"https:\/\/easycurtain.ch\/wp-content\/uploads\/2023\/11\/tagesvorhang-yava-transparenz-680x680.jpg\" width=\"680\" height=\"680\" alt=\"Rideau de jour YAVA (voile premium, blanc)\" class=\"slick-loading\"><\/a><a href=\"https:\/\/easycurtain.ch\/fr-ch\/onlineshop\/rideau-de-jour-yava-voile-premium-blanc\/\" class=\"woocommerce-LoopProduct-link woocommerce-loop-product__link\"><img data-lazy=\"https:\/\/easycurtain.ch\/wp-content\/uploads\/2023\/11\/tagesvorhang-yava-stoff-struktur-680x680.jpg\" width=\"680\" height=\"680\" alt=\"Rideau de jour YAVA (voile premium, blanc)\" class=\"slick-loading\"><\/a><a href=\"https:\/\/easycurtain.ch\/fr-ch\/onlineshop\/rideau-de-jour-yava-voile-premium-blanc\/\" class=\"woocommerce-LoopProduct-link woocommerce-loop-product__link\"><img data-lazy=\"https:\/\/easycurtain.ch\/wp-content\/uploads\/2023\/11\/tagesvorhang-yava-konfektionsart-680x680.jpg\" width=\"680\" height=\"680\" alt=\"Rideau de jour YAVA (voile premium, blanc)\" class=\"slick-loading\"><\/a><\/div><div class=\"product-summary\"><h2 class=\"woocommerce-loop-product__title\"><a href=\"https:\/\/easycurtain.ch\/fr-ch\/onlineshop\/rideau-de-jour-yava-voile-premium-blanc\/\" class=\"woocommerce-LoopProduct-link woocommerce-loop-product__link\">Rideau de jour YAVA (voile premium, blanc)<\/a><\/h2>\n\t<span class=\"price\"><span class=\"woocommerce-Price-amount amount\"><bdi><span class=\"woocommerce-Price-currencySymbol\">&#67;&#72;&#70;<\/span>&nbsp;32.00<\/bdi><\/span><\/span>\n\n<div class=\"buttons clearfix\">\t<span id=\"woocommerce_loop_add_to_cart_link_describedby_101506\" class=\"screen-reader-text\">\n\t\t\t<\/span>\n<a href=\"?add-to-wishlist=101506\" class=\"wcboost-wishlist-button wcboost-wishlist-button--theme button wp-element-button wcboost-wishlist-button--ajax\" data-quantity=\"1\" data-product_id=\"101506\" aria-label=\"Add &ldquo;Rideau de jour YAVA (voile premium, blanc)&rdquo; to the wishlist\" rel=\"nofollow\"><span class=\"wcboost-wishlist-button__icon\"><span class=\"svg-icon icon-heart-o size-normal \"><svg role=\"img\"> <use href=\"#heart-o\" xlink:href=\"#heart-o\"><\/use> <\/svg><\/span><\/span><span class=\"wcboost-wishlist-button__text\">Ajouter \u00e0 la liste de souhaits<\/span><\/a><\/div><\/div><\/div><\/li>\n<li class=\"product type-product post-101406 status-publish last instock product_cat-rideaux product_cat-rideaux-transparents product_tag-rideaux-de-jour has-post-thumbnail featured taxable shipping-taxable purchasable product-type-simple\">\n\t<div class=\"product-inner\"><span class=\"woocommerce-badges woocommerce-badges--round\"><span class=\"featured woocommerce-badge\"><span>Hot<\/span><\/span><\/span><div class=\"product-thumbnail product-thumbnails--slider\"><a href=\"https:\/\/easycurtain.ch\/fr-ch\/onlineshop\/rideau-de-jour-lysa-voile-blanc\/\" class=\"woocommerce-LoopProduct-link woocommerce-loop-product__link\"><img loading=\"lazy\" decoding=\"async\" width=\"680\" height=\"680\" src=\"https:\/\/easycurtain.ch\/wp-content\/uploads\/2023\/11\/tagesvorhang-lysa-stoff-transparenz-3-1-680x680.jpg\" class=\"attachment-woocommerce_thumbnail size-woocommerce_thumbnail\" alt=\"Rideau de jour LYSA\" srcset=\"https:\/\/easycurtain.ch\/wp-content\/uploads\/2023\/11\/tagesvorhang-lysa-stoff-transparenz-3-1-680x680.jpg 680w, https:\/\/easycurtain.ch\/wp-content\/uploads\/2023\/11\/tagesvorhang-lysa-stoff-transparenz-3-1-300x300.jpg 300w, https:\/\/easycurtain.ch\/wp-content\/uploads\/2023\/11\/tagesvorhang-lysa-stoff-transparenz-3-1-1024x1024.jpg 1024w, https:\/\/easycurtain.ch\/wp-content\/uploads\/2023\/11\/tagesvorhang-lysa-stoff-transparenz-3-1-150x150.jpg 150w, https:\/\/easycurtain.ch\/wp-content\/uploads\/2023\/11\/tagesvorhang-lysa-stoff-transparenz-3-1-768x768.jpg 768w, https:\/\/easycurtain.ch\/wp-content\/uploads\/2023\/11\/tagesvorhang-lysa-stoff-transparenz-3-1-840x840.jpg 840w, https:\/\/easycurtain.ch\/wp-content\/uploads\/2023\/11\/tagesvorhang-lysa-stoff-transparenz-3-1.jpg 1200w\" sizes=\"auto, (max-width: 680px) 100vw, 680px\" \/><\/a><a href=\"https:\/\/easycurtain.ch\/fr-ch\/onlineshop\/rideau-de-jour-lysa-voile-blanc\/\" class=\"woocommerce-LoopProduct-link woocommerce-loop-product__link\"><img data-lazy=\"https:\/\/easycurtain.ch\/wp-content\/uploads\/2023\/11\/tagesvorhang-lysa-vorhang-halboffen-680x680.jpg\" width=\"680\" height=\"680\" alt=\"Rideau de jour LYSA (voile, blanc)\" class=\"slick-loading\"><\/a><a href=\"https:\/\/easycurtain.ch\/fr-ch\/onlineshop\/rideau-de-jour-lysa-voile-blanc\/\" class=\"woocommerce-LoopProduct-link woocommerce-loop-product__link\"><img data-lazy=\"https:\/\/easycurtain.ch\/wp-content\/uploads\/2023\/11\/tagesvorhang-lysa-vorhang-offen-680x680.jpg\" width=\"680\" height=\"680\" alt=\"Rideau de jour LYSA (voile, blanc)\" class=\"slick-loading\"><\/a><a href=\"https:\/\/easycurtain.ch\/fr-ch\/onlineshop\/rideau-de-jour-lysa-voile-blanc\/\" class=\"woocommerce-LoopProduct-link woocommerce-loop-product__link\"><img data-lazy=\"https:\/\/easycurtain.ch\/wp-content\/uploads\/2023\/11\/tagesvorhang-lysa-wellen-transparenz-680x680.jpg\" width=\"680\" height=\"680\" alt=\"Rideau de jour LYSA (voile, blanc)\" class=\"slick-loading\"><\/a><a href=\"https:\/\/easycurtain.ch\/fr-ch\/onlineshop\/rideau-de-jour-lysa-voile-blanc\/\" class=\"woocommerce-LoopProduct-link woocommerce-loop-product__link\"><img data-lazy=\"https:\/\/easycurtain.ch\/wp-content\/uploads\/2023\/11\/tagesvorhang-lysa-wellen-transparenz-1-680x680.jpg\" width=\"680\" height=\"680\" alt=\"Rideau de jour LYSA (voile, blanc)\" class=\"slick-loading\"><\/a><a href=\"https:\/\/easycurtain.ch\/fr-ch\/onlineshop\/rideau-de-jour-lysa-voile-blanc\/\" class=\"woocommerce-LoopProduct-link woocommerce-loop-product__link\"><img data-lazy=\"https:\/\/easycurtain.ch\/wp-content\/uploads\/2023\/11\/tagesvorhang-lysa-wellen-beschwerungsband-680x680.jpg\" width=\"680\" height=\"680\" alt=\"Rideau de jour LYSA (voile, blanc)\" class=\"slick-loading\"><\/a><a href=\"https:\/\/easycurtain.ch\/fr-ch\/onlineshop\/rideau-de-jour-lysa-voile-blanc\/\" class=\"woocommerce-LoopProduct-link woocommerce-loop-product__link\"><img data-lazy=\"https:\/\/easycurtain.ch\/wp-content\/uploads\/2023\/11\/tagesvorhang-lysa-stoff-transparenz-1-680x680.jpg\" width=\"680\" height=\"680\" alt=\"Rideau de jour LYSA (voile, blanc)\" class=\"slick-loading\"><\/a><a href=\"https:\/\/easycurtain.ch\/fr-ch\/onlineshop\/rideau-de-jour-lysa-voile-blanc\/\" class=\"woocommerce-LoopProduct-link woocommerce-loop-product__link\"><img data-lazy=\"https:\/\/easycurtain.ch\/wp-content\/uploads\/2023\/11\/tagesvorhang-lysa-weiss-1-stoffmuster-680x680.jpg\" width=\"680\" height=\"680\" alt=\"Rideau de jour LYSA (voile, blanc)\" class=\"slick-loading\"><\/a><a href=\"https:\/\/easycurtain.ch\/fr-ch\/onlineshop\/rideau-de-jour-lysa-voile-blanc\/\" class=\"woocommerce-LoopProduct-link woocommerce-loop-product__link\"><img data-lazy=\"https:\/\/easycurtain.ch\/wp-content\/uploads\/2023\/11\/tagesvorhang-lysa-vorhang-halboffen-3-680x680.jpg\" width=\"680\" height=\"680\" alt=\"Rideau de jour LYSA (voile, blanc)\" class=\"slick-loading\"><\/a><a href=\"https:\/\/easycurtain.ch\/fr-ch\/onlineshop\/rideau-de-jour-lysa-voile-blanc\/\" class=\"woocommerce-LoopProduct-link woocommerce-loop-product__link\"><img data-lazy=\"https:\/\/easycurtain.ch\/wp-content\/uploads\/2023\/11\/tagesvorhang-lysa-stoff-680x680.jpg\" width=\"680\" height=\"680\" alt=\"Rideau de jour LYSA (voile, blanc)\" class=\"slick-loading\"><\/a><a href=\"https:\/\/easycurtain.ch\/fr-ch\/onlineshop\/rideau-de-jour-lysa-voile-blanc\/\" class=\"woocommerce-LoopProduct-link woocommerce-loop-product__link\"><img data-lazy=\"https:\/\/easycurtain.ch\/wp-content\/uploads\/2023\/11\/tagesvorhang-lysa-vorhang-halboffen-2-680x680.jpg\" width=\"680\" height=\"680\" alt=\"Rideau de jour LYSA (voile, blanc)\" class=\"slick-loading\"><\/a><a href=\"https:\/\/easycurtain.ch\/fr-ch\/onlineshop\/rideau-de-jour-lysa-voile-blanc\/\" class=\"woocommerce-LoopProduct-link woocommerce-loop-product__link\"><img data-lazy=\"https:\/\/easycurtain.ch\/wp-content\/uploads\/2023\/11\/tagesvorhang-lysa-vorhang-geschlossen-680x680.jpg\" width=\"680\" height=\"680\" alt=\"Rideau de jour LYSA (voile, blanc)\" class=\"slick-loading\"><\/a><a href=\"https:\/\/easycurtain.ch\/fr-ch\/onlineshop\/rideau-de-jour-lysa-voile-blanc\/\" class=\"woocommerce-LoopProduct-link woocommerce-loop-product__link\"><img data-lazy=\"https:\/\/easycurtain.ch\/wp-content\/uploads\/2023\/11\/tagesvorhang-lysa-transparenz-680x680.jpg\" width=\"680\" height=\"680\" alt=\"Rideau de jour LYSA (voile, blanc)\" class=\"slick-loading\"><\/a><a href=\"https:\/\/easycurtain.ch\/fr-ch\/onlineshop\/rideau-de-jour-lysa-voile-blanc\/\" class=\"woocommerce-LoopProduct-link woocommerce-loop-product__link\"><img data-lazy=\"https:\/\/easycurtain.ch\/wp-content\/uploads\/2023\/11\/tagesvorhang-lysa-stoff-transparenz-680x680.jpg\" width=\"680\" height=\"680\" alt=\"Rideau de jour LYSA (voile, blanc)\" class=\"slick-loading\"><\/a><a href=\"https:\/\/easycurtain.ch\/fr-ch\/onlineshop\/rideau-de-jour-lysa-voile-blanc\/\" class=\"woocommerce-LoopProduct-link woocommerce-loop-product__link\"><img data-lazy=\"https:\/\/easycurtain.ch\/wp-content\/uploads\/2023\/11\/tagesvorhang-lysa-stoff-transparenz-2-680x680.jpg\" width=\"680\" height=\"680\" alt=\"Rideau de jour LYSA (voile, blanc)\" class=\"slick-loading\"><\/a><\/div><div class=\"product-summary\"><h2 class=\"woocommerce-loop-product__title\"><a href=\"https:\/\/easycurtain.ch\/fr-ch\/onlineshop\/rideau-de-jour-lysa-voile-blanc\/\" class=\"woocommerce-LoopProduct-link woocommerce-loop-product__link\">Rideau de jour LYSA (voile, blanc)<\/a><\/h2>\n\t<span class=\"price\"><span class=\"woocommerce-Price-amount amount\"><bdi><span class=\"woocommerce-Price-currencySymbol\">&#67;&#72;&#70;<\/span>&nbsp;26.00<\/bdi><\/span><\/span>\n\n<div class=\"buttons clearfix\">\t<span id=\"woocommerce_loop_add_to_cart_link_describedby_101406\" class=\"screen-reader-text\">\n\t\t\t<\/span>\n<a href=\"?add-to-wishlist=101406\" class=\"wcboost-wishlist-button wcboost-wishlist-button--theme button wp-element-button wcboost-wishlist-button--ajax\" data-quantity=\"1\" data-product_id=\"101406\" aria-label=\"Add &ldquo;Rideau de jour LYSA (voile, blanc)&rdquo; to the wishlist\" rel=\"nofollow\"><span class=\"wcboost-wishlist-button__icon\"><span class=\"svg-icon icon-heart-o size-normal \"><svg role=\"img\"> <use href=\"#heart-o\" xlink:href=\"#heart-o\"><\/use> <\/svg><\/span><\/span><span class=\"wcboost-wishlist-button__text\">Ajouter \u00e0 la liste de souhaits<\/span><\/a><\/div><\/div><\/div><\/li>\n<li class=\"product type-product post-101441 status-publish first instock product_cat-rideaux product_cat-rideaux-transparents product_tag-rideaux-de-jour product_tag-rideaux-en-lin has-post-thumbnail taxable shipping-taxable purchasable product-type-simple\">\n\t<div class=\"product-inner\"><div class=\"product-thumbnail product-thumbnails--slider\"><a href=\"https:\/\/easycurtain.ch\/fr-ch\/onlineshop\/rideau-de-jour-lyna-aspect-lin-colore\/\" class=\"woocommerce-LoopProduct-link woocommerce-loop-product__link\"><img loading=\"lazy\" decoding=\"async\" width=\"680\" height=\"680\" src=\"https:\/\/easycurtain.ch\/wp-content\/uploads\/2023\/11\/tagesvorhang-lyna-titelbild-2-1-680x680.jpg\" class=\"attachment-woocommerce_thumbnail size-woocommerce_thumbnail\" alt=\"Tagesvorhang LYNA - Titelbild\" srcset=\"https:\/\/easycurtain.ch\/wp-content\/uploads\/2023\/11\/tagesvorhang-lyna-titelbild-2-1-680x680.jpg 680w, https:\/\/easycurtain.ch\/wp-content\/uploads\/2023\/11\/tagesvorhang-lyna-titelbild-2-1-300x300.jpg 300w, https:\/\/easycurtain.ch\/wp-content\/uploads\/2023\/11\/tagesvorhang-lyna-titelbild-2-1-1024x1024.jpg 1024w, https:\/\/easycurtain.ch\/wp-content\/uploads\/2023\/11\/tagesvorhang-lyna-titelbild-2-1-150x150.jpg 150w, https:\/\/easycurtain.ch\/wp-content\/uploads\/2023\/11\/tagesvorhang-lyna-titelbild-2-1-768x768.jpg 768w, https:\/\/easycurtain.ch\/wp-content\/uploads\/2023\/11\/tagesvorhang-lyna-titelbild-2-1-840x840.jpg 840w, https:\/\/easycurtain.ch\/wp-content\/uploads\/2023\/11\/tagesvorhang-lyna-titelbild-2-1.jpg 1200w\" sizes=\"auto, (max-width: 680px) 100vw, 680px\" \/><\/a><a href=\"https:\/\/easycurtain.ch\/fr-ch\/onlineshop\/rideau-de-jour-lyna-aspect-lin-colore\/\" class=\"woocommerce-LoopProduct-link woocommerce-loop-product__link\"><img data-lazy=\"https:\/\/easycurtain.ch\/wp-content\/uploads\/2023\/11\/tagesvorhang-lyna-vorhang-geschlossen-2-680x680.jpg\" width=\"680\" height=\"680\" alt=\"Rideau de jour LYNA (aspect lin, color\u00e9)\" class=\"slick-loading\"><\/a><a href=\"https:\/\/easycurtain.ch\/fr-ch\/onlineshop\/rideau-de-jour-lyna-aspect-lin-colore\/\" class=\"woocommerce-LoopProduct-link woocommerce-loop-product__link\"><img data-lazy=\"https:\/\/easycurtain.ch\/wp-content\/uploads\/2023\/11\/tagesvorhang-lyna-vorhang-geschlossen-4-680x680.jpg\" width=\"680\" height=\"680\" alt=\"Rideau de jour LYNA (aspect lin, color\u00e9)\" class=\"slick-loading\"><\/a><a href=\"https:\/\/easycurtain.ch\/fr-ch\/onlineshop\/rideau-de-jour-lyna-aspect-lin-colore\/\" class=\"woocommerce-LoopProduct-link woocommerce-loop-product__link\"><img data-lazy=\"https:\/\/easycurtain.ch\/wp-content\/uploads\/2023\/11\/tagesvorhang-lyna-vorhang-halboffen-2-680x680.jpg\" width=\"680\" height=\"680\" alt=\"Rideau de jour LYNA (aspect lin, color\u00e9)\" class=\"slick-loading\"><\/a><a href=\"https:\/\/easycurtain.ch\/fr-ch\/onlineshop\/rideau-de-jour-lyna-aspect-lin-colore\/\" class=\"woocommerce-LoopProduct-link woocommerce-loop-product__link\"><img data-lazy=\"https:\/\/easycurtain.ch\/wp-content\/uploads\/2023\/11\/tagesvorhang-lyna-beschwerungsband-680x680.jpg\" width=\"680\" height=\"680\" alt=\"Rideau de jour LYNA (aspect lin, color\u00e9)\" class=\"slick-loading\"><\/a><a href=\"https:\/\/easycurtain.ch\/fr-ch\/onlineshop\/rideau-de-jour-lyna-aspect-lin-colore\/\" class=\"woocommerce-LoopProduct-link woocommerce-loop-product__link\"><img data-lazy=\"https:\/\/easycurtain.ch\/wp-content\/uploads\/2023\/11\/tagesvorhang-lyna-detail-680x680.jpg\" width=\"680\" height=\"680\" alt=\"Rideau de jour LYNA (aspect lin, color\u00e9)\" class=\"slick-loading\"><\/a><a href=\"https:\/\/easycurtain.ch\/fr-ch\/onlineshop\/rideau-de-jour-lyna-aspect-lin-colore\/\" class=\"woocommerce-LoopProduct-link woocommerce-loop-product__link\"><img data-lazy=\"https:\/\/easycurtain.ch\/wp-content\/uploads\/2023\/11\/tagesvorhang-lyna-stoffstruktur-2-680x680.jpg\" width=\"680\" height=\"680\" alt=\"Rideau de jour LYNA (aspect lin, color\u00e9)\" class=\"slick-loading\"><\/a><a href=\"https:\/\/easycurtain.ch\/fr-ch\/onlineshop\/rideau-de-jour-lyna-aspect-lin-colore\/\" class=\"woocommerce-LoopProduct-link woocommerce-loop-product__link\"><img data-lazy=\"https:\/\/easycurtain.ch\/wp-content\/uploads\/2023\/11\/tagesvorhang-lyna-vorhang-halboffen-3-680x680.jpg\" width=\"680\" height=\"680\" alt=\"Rideau de jour LYNA (aspect lin, color\u00e9)\" class=\"slick-loading\"><\/a><a href=\"https:\/\/easycurtain.ch\/fr-ch\/onlineshop\/rideau-de-jour-lyna-aspect-lin-colore\/\" class=\"woocommerce-LoopProduct-link woocommerce-loop-product__link\"><img data-lazy=\"https:\/\/easycurtain.ch\/wp-content\/uploads\/2023\/11\/tagesvorhang-lyna-vorhang-geschlossen-6-680x680.jpg\" width=\"680\" height=\"680\" alt=\"Rideau de jour LYNA (aspect lin, color\u00e9)\" class=\"slick-loading\"><\/a><a href=\"https:\/\/easycurtain.ch\/fr-ch\/onlineshop\/rideau-de-jour-lyna-aspect-lin-colore\/\" class=\"woocommerce-LoopProduct-link woocommerce-loop-product__link\"><img data-lazy=\"https:\/\/easycurtain.ch\/wp-content\/uploads\/2023\/11\/tagesvorhang-lyna-transparenz-6-680x680.jpg\" width=\"680\" height=\"680\" alt=\"Rideau de jour LYNA (aspect lin, color\u00e9)\" class=\"slick-loading\"><\/a><a href=\"https:\/\/easycurtain.ch\/fr-ch\/onlineshop\/rideau-de-jour-lyna-aspect-lin-colore\/\" class=\"woocommerce-LoopProduct-link woocommerce-loop-product__link\"><img data-lazy=\"https:\/\/easycurtain.ch\/wp-content\/uploads\/2023\/11\/tagesvorhang-lyna-transparenz-2-680x680.jpg\" width=\"680\" height=\"680\" alt=\"Rideau de jour LYNA (aspect lin, color\u00e9)\" class=\"slick-loading\"><\/a><a href=\"https:\/\/easycurtain.ch\/fr-ch\/onlineshop\/rideau-de-jour-lyna-aspect-lin-colore\/\" class=\"woocommerce-LoopProduct-link woocommerce-loop-product__link\"><img data-lazy=\"https:\/\/easycurtain.ch\/wp-content\/uploads\/2023\/11\/tagesvorhang-lyna-stoff-2-680x680.jpg\" width=\"680\" height=\"680\" alt=\"Rideau de jour LYNA (aspect lin, color\u00e9)\" class=\"slick-loading\"><\/a><a href=\"https:\/\/easycurtain.ch\/fr-ch\/onlineshop\/rideau-de-jour-lyna-aspect-lin-colore\/\" class=\"woocommerce-LoopProduct-link woocommerce-loop-product__link\"><img data-lazy=\"https:\/\/easycurtain.ch\/wp-content\/uploads\/2023\/11\/tagesvorhang-lyna-grau-stoffmuster-680x680.jpg\" width=\"680\" height=\"680\" alt=\"Rideau de jour LYNA (aspect lin, color\u00e9)\" class=\"slick-loading\"><\/a><a href=\"https:\/\/easycurtain.ch\/fr-ch\/onlineshop\/rideau-de-jour-lyna-aspect-lin-colore\/\" class=\"woocommerce-LoopProduct-link woocommerce-loop-product__link\"><img data-lazy=\"https:\/\/easycurtain.ch\/wp-content\/uploads\/2023\/11\/tagesvorhang-lyna-ecru-stoffmuster-680x680.jpg\" width=\"680\" height=\"680\" alt=\"Rideau de jour LYNA (aspect lin, color\u00e9)\" class=\"slick-loading\"><\/a><a href=\"https:\/\/easycurtain.ch\/fr-ch\/onlineshop\/rideau-de-jour-lyna-aspect-lin-colore\/\" class=\"woocommerce-LoopProduct-link woocommerce-loop-product__link\"><img data-lazy=\"https:\/\/easycurtain.ch\/wp-content\/uploads\/2023\/11\/tagesvorhang-lyna-weiss-stoffmuster-680x680.jpg\" width=\"680\" height=\"680\" alt=\"Rideau de jour LYNA (aspect lin, color\u00e9)\" class=\"slick-loading\"><\/a><a href=\"https:\/\/easycurtain.ch\/fr-ch\/onlineshop\/rideau-de-jour-lyna-aspect-lin-colore\/\" class=\"woocommerce-LoopProduct-link woocommerce-loop-product__link\"><img data-lazy=\"https:\/\/easycurtain.ch\/wp-content\/uploads\/2023\/11\/tagesvorhang-lyna-dunkelbraun-stoffmuster-680x680.jpg\" width=\"680\" height=\"680\" alt=\"Rideau de jour LYNA (aspect lin, color\u00e9)\" class=\"slick-loading\"><\/a><a href=\"https:\/\/easycurtain.ch\/fr-ch\/onlineshop\/rideau-de-jour-lyna-aspect-lin-colore\/\" class=\"woocommerce-LoopProduct-link woocommerce-loop-product__link\"><img data-lazy=\"https:\/\/easycurtain.ch\/wp-content\/uploads\/2023\/11\/tagesvorhang-lyna-braun-stoffmuster-680x680.jpg\" width=\"680\" height=\"680\" alt=\"Rideau de jour LYNA (aspect lin, color\u00e9)\" class=\"slick-loading\"><\/a><\/div><div class=\"product-summary\"><h2 class=\"woocommerce-loop-product__title\"><a href=\"https:\/\/easycurtain.ch\/fr-ch\/onlineshop\/rideau-de-jour-lyna-aspect-lin-colore\/\" class=\"woocommerce-LoopProduct-link woocommerce-loop-product__link\">Rideau de jour LYNA (aspect lin, color\u00e9)<\/a><\/h2>\n\t<span class=\"price\"><span class=\"woocommerce-Price-amount amount\"><bdi><span class=\"woocommerce-Price-currencySymbol\">&#67;&#72;&#70;<\/span>&nbsp;32.00<\/bdi><\/span><\/span>\n\n<div class=\"buttons clearfix\">\t<span id=\"woocommerce_loop_add_to_cart_link_describedby_101441\" class=\"screen-reader-text\">\n\t\t\t<\/span>\n<a href=\"?add-to-wishlist=101441\" class=\"wcboost-wishlist-button wcboost-wishlist-button--theme button wp-element-button wcboost-wishlist-button--ajax\" data-quantity=\"1\" data-product_id=\"101441\" aria-label=\"Add &ldquo;Rideau de jour LYNA (aspect lin, color\u00e9)&rdquo; to the wishlist\" rel=\"nofollow\"><span class=\"wcboost-wishlist-button__icon\"><span class=\"svg-icon icon-heart-o size-normal \"><svg role=\"img\"> <use href=\"#heart-o\" xlink:href=\"#heart-o\"><\/use> <\/svg><\/span><\/span><span class=\"wcboost-wishlist-button__text\">Ajouter \u00e0 la liste de souhaits<\/span><\/a><\/div><\/div><\/div><\/li>\n<\/ul><\/div><a href=\"https:\/\/easycurtain.ch\/fr-ch\/k\/rideaux\/\" title=\"Vers les rideaux\" class=\"konte-button button-normal text-default align-inline normal   button square\">Afficher tous les rideaux<\/a>[\/vc_column][\/vc_row]<\/p>\n<\/div>","protected":false},"excerpt":{"rendered":"<p>[vc_row][vc_column width=&#8221;1\/2&#8243;][vc_single_image image=&#8221;100167&#8243; img_size=&#8221;large&#8221; title=&#8221;noble &amp; pratique&#8221;][\/vc_column][vc_column width=&#8221;1\/2&#8243;][vc_column_text css=&#8221;.vc_custom_1699010443368{margin-bottom: 0px !important;border-bottom-width: 0px !important;padding-bottom: 0px !important;}&#8221;] Rideaux nobles Tu cherches des rideaux \u00e9l\u00e9gants pour ton appartement ? Chez nous, tu trouveras&hellip;<\/p>\n","protected":false},"author":1,"featured_media":0,"comment_status":"closed","ping_status":"closed","sticky":false,"template":"","format":"standard","meta":{"_acf_changed":false,"footnotes":""},"categories":[345,354,592,353],"tags":[],"class_list":["post-102212","post","type-post","status-publish","format-standard","hentry","category-generalites","category-rideaux-de-jour","category-rideaux-opaques","category-rideaux-sur-mesure"],"acf":[],"yoast_head":"<!-- This site is optimized with the Yoast SEO plugin v27.1.1 - https:\/\/yoast.com\/product\/yoast-seo-wordpress\/ -->\n<title>Rideaux nobles - easyCurtain<\/title>\n<meta name=\"robots\" content=\"index, follow, max-snippet:-1, max-image-preview:large, max-video-preview:-1\" \/>\n<link rel=\"canonical\" href=\"https:\/\/easycurtain.ch\/fr-ch\/rideaux-nobles\/\" \/>\n<meta property=\"og:locale\" content=\"fr_FR\" \/>\n<meta property=\"og:type\" content=\"article\" \/>\n<meta property=\"og:title\" content=\"Rideaux nobles - easyCurtain\" \/>\n<meta property=\"og:description\" content=\"[vc_row][vc_column width=&#8221;1\/2&#8243;][vc_single_image image=&#8221;100167&#8243; img_size=&#8221;large&#8221; title=&#8221;noble &amp; pratique&#8221;][\/vc_column][vc_column width=&#8221;1\/2&#8243;][vc_column_text css=&#8221;.vc_custom_1699010443368{margin-bottom: 0px !important;border-bottom-width: 0px !important;padding-bottom: 0px !important;}&#8221;] Rideaux nobles Tu cherches des rideaux \u00e9l\u00e9gants pour ton appartement ? Chez nous, tu trouveras&hellip;\" \/>\n<meta property=\"og:url\" content=\"https:\/\/easycurtain.ch\/fr-ch\/rideaux-nobles\/\" \/>\n<meta property=\"og:site_name\" content=\"easyCurtain\" \/>\n<meta property=\"article:published_time\" content=\"2018-11-13T17:28:28+00:00\" \/>\n<meta property=\"article:modified_time\" content=\"2023-11-21T15:26:45+00:00\" \/>\n<meta name=\"author\" content=\"admin\" \/>\n<meta name=\"twitter:card\" content=\"summary_large_image\" \/>\n<meta name=\"twitter:label1\" content=\"Written by\" \/>\n\t<meta name=\"twitter:data1\" content=\"admin\" \/>\n\t<meta name=\"twitter:label2\" content=\"Est. reading time\" \/>\n\t<meta name=\"twitter:data2\" content=\"1 minute\" \/>\n<script type=\"application\/ld+json\" class=\"yoast-schema-graph\">{\"@context\":\"https:\/\/schema.org\",\"@graph\":[{\"@type\":\"Article\",\"@id\":\"https:\/\/easycurtain.ch\/fr-ch\/rideaux-nobles\/#article\",\"isPartOf\":{\"@id\":\"https:\/\/easycurtain.ch\/fr-ch\/rideaux-nobles\/\"},\"author\":{\"name\":\"admin\",\"@id\":\"https:\/\/easycurtain.ch\/fr-ch\/#\/schema\/person\/1f959e8be40e714bbfa015f2bd04eac5\"},\"headline\":\"Rideaux nobles\",\"datePublished\":\"2018-11-13T17:28:28+00:00\",\"dateModified\":\"2023-11-21T15:26:45+00:00\",\"mainEntityOfPage\":{\"@id\":\"https:\/\/easycurtain.ch\/fr-ch\/rideaux-nobles\/\"},\"wordCount\":291,\"publisher\":{\"@id\":\"https:\/\/easycurtain.ch\/fr-ch\/#organization\"},\"articleSection\":[\"G\u00e9n\u00e9ralit\u00e9s\",\"Rideaux de jour\",\"Rideaux opaques\",\"Rideaux sur mesure\"],\"inLanguage\":\"fr-CH\"},{\"@type\":\"WebPage\",\"@id\":\"https:\/\/easycurtain.ch\/fr-ch\/rideaux-nobles\/\",\"url\":\"https:\/\/easycurtain.ch\/fr-ch\/rideaux-nobles\/\",\"name\":\"Rideaux nobles - easyCurtain\",\"isPartOf\":{\"@id\":\"https:\/\/easycurtain.ch\/fr-ch\/#website\"},\"datePublished\":\"2018-11-13T17:28:28+00:00\",\"dateModified\":\"2023-11-21T15:26:45+00:00\",\"breadcrumb\":{\"@id\":\"https:\/\/easycurtain.ch\/fr-ch\/rideaux-nobles\/#breadcrumb\"},\"inLanguage\":\"fr-CH\",\"potentialAction\":[{\"@type\":\"ReadAction\",\"target\":[\"https:\/\/easycurtain.ch\/fr-ch\/rideaux-nobles\/\"]}]},{\"@type\":\"BreadcrumbList\",\"@id\":\"https:\/\/easycurtain.ch\/fr-ch\/rideaux-nobles\/#breadcrumb\",\"itemListElement\":[{\"@type\":\"ListItem\",\"position\":1,\"name\":\"Home\",\"item\":\"https:\/\/easycurtain.ch\/fr-ch\/?page_id=101168\"},{\"@type\":\"ListItem\",\"position\":2,\"name\":\"Rideaux nobles\"}]},{\"@type\":\"WebSite\",\"@id\":\"https:\/\/easycurtain.ch\/fr-ch\/#website\",\"url\":\"https:\/\/easycurtain.ch\/fr-ch\/\",\"name\":\"easyCurtain\",\"description\":\"Superbes rideaux. Petits prix.\",\"publisher\":{\"@id\":\"https:\/\/easycurtain.ch\/fr-ch\/#organization\"},\"potentialAction\":[{\"@type\":\"SearchAction\",\"target\":{\"@type\":\"EntryPoint\",\"urlTemplate\":\"https:\/\/easycurtain.ch\/fr-ch\/?s={search_term_string}\"},\"query-input\":{\"@type\":\"PropertyValueSpecification\",\"valueRequired\":true,\"valueName\":\"search_term_string\"}}],\"inLanguage\":\"fr-CH\"},{\"@type\":\"Organization\",\"@id\":\"https:\/\/easycurtain.ch\/fr-ch\/#organization\",\"name\":\"easyCurtain\",\"url\":\"https:\/\/easycurtain.ch\/fr-ch\/\",\"logo\":{\"@type\":\"ImageObject\",\"inLanguage\":\"fr-CH\",\"@id\":\"https:\/\/easycurtain.ch\/fr-ch\/#\/schema\/logo\/image\/\",\"url\":\"https:\/\/easycurtain.ch\/wp-content\/uploads\/2023\/09\/logo-easycurtain-massvorhang-online-1.png\",\"contentUrl\":\"https:\/\/easycurtain.ch\/wp-content\/uploads\/2023\/09\/logo-easycurtain-massvorhang-online-1.png\",\"width\":600,\"height\":138,\"caption\":\"easyCurtain\"},\"image\":{\"@id\":\"https:\/\/easycurtain.ch\/fr-ch\/#\/schema\/logo\/image\/\"}},{\"@type\":\"Person\",\"@id\":\"https:\/\/easycurtain.ch\/fr-ch\/#\/schema\/person\/1f959e8be40e714bbfa015f2bd04eac5\",\"name\":\"admin\",\"image\":{\"@type\":\"ImageObject\",\"inLanguage\":\"fr-CH\",\"@id\":\"https:\/\/easycurtain.ch\/fr-ch\/#\/schema\/person\/image\/\",\"url\":\"https:\/\/secure.gravatar.com\/avatar\/cb069bea1457d574e89db43b42221dcedd7d4dea32b0877881cda3e42eedb691?s=96&d=mm&r=g\",\"contentUrl\":\"https:\/\/secure.gravatar.com\/avatar\/cb069bea1457d574e89db43b42221dcedd7d4dea32b0877881cda3e42eedb691?s=96&d=mm&r=g\",\"caption\":\"admin\"},\"sameAs\":[\"https:\/\/easycurtain.ch\"],\"url\":\"https:\/\/easycurtain.ch\/fr-ch\/author\/admin\/\"}]}<\/script>\n<!-- \/ Yoast SEO plugin. -->","yoast_head_json":{"title":"Rideaux nobles - easyCurtain","robots":{"index":"index","follow":"follow","max-snippet":"max-snippet:-1","max-image-preview":"max-image-preview:large","max-video-preview":"max-video-preview:-1"},"canonical":"https:\/\/easycurtain.ch\/fr-ch\/rideaux-nobles\/","og_locale":"fr_FR","og_type":"article","og_title":"Rideaux nobles - easyCurtain","og_description":"[vc_row][vc_column width=&#8221;1\/2&#8243;][vc_single_image image=&#8221;100167&#8243; img_size=&#8221;large&#8221; title=&#8221;noble &amp; pratique&#8221;][\/vc_column][vc_column width=&#8221;1\/2&#8243;][vc_column_text css=&#8221;.vc_custom_1699010443368{margin-bottom: 0px !important;border-bottom-width: 0px !important;padding-bottom: 0px !important;}&#8221;] Rideaux nobles Tu cherches des rideaux \u00e9l\u00e9gants pour ton appartement ? Chez nous, tu trouveras&hellip;","og_url":"https:\/\/easycurtain.ch\/fr-ch\/rideaux-nobles\/","og_site_name":"easyCurtain","article_published_time":"2018-11-13T17:28:28+00:00","article_modified_time":"2023-11-21T15:26:45+00:00","author":"admin","twitter_card":"summary_large_image","twitter_misc":{"Written by":"admin","Est. reading time":"1 minute"},"schema":{"@context":"https:\/\/schema.org","@graph":[{"@type":"Article","@id":"https:\/\/easycurtain.ch\/fr-ch\/rideaux-nobles\/#article","isPartOf":{"@id":"https:\/\/easycurtain.ch\/fr-ch\/rideaux-nobles\/"},"author":{"name":"admin","@id":"https:\/\/easycurtain.ch\/fr-ch\/#\/schema\/person\/1f959e8be40e714bbfa015f2bd04eac5"},"headline":"Rideaux nobles","datePublished":"2018-11-13T17:28:28+00:00","dateModified":"2023-11-21T15:26:45+00:00","mainEntityOfPage":{"@id":"https:\/\/easycurtain.ch\/fr-ch\/rideaux-nobles\/"},"wordCount":291,"publisher":{"@id":"https:\/\/easycurtain.ch\/fr-ch\/#organization"},"articleSection":["G\u00e9n\u00e9ralit\u00e9s","Rideaux de jour","Rideaux opaques","Rideaux sur mesure"],"inLanguage":"fr-CH"},{"@type":"WebPage","@id":"https:\/\/easycurtain.ch\/fr-ch\/rideaux-nobles\/","url":"https:\/\/easycurtain.ch\/fr-ch\/rideaux-nobles\/","name":"Rideaux nobles - easyCurtain","isPartOf":{"@id":"https:\/\/easycurtain.ch\/fr-ch\/#website"},"datePublished":"2018-11-13T17:28:28+00:00","dateModified":"2023-11-21T15:26:45+00:00","breadcrumb":{"@id":"https:\/\/easycurtain.ch\/fr-ch\/rideaux-nobles\/#breadcrumb"},"inLanguage":"fr-CH","potentialAction":[{"@type":"ReadAction","target":["https:\/\/easycurtain.ch\/fr-ch\/rideaux-nobles\/"]}]},{"@type":"BreadcrumbList","@id":"https:\/\/easycurtain.ch\/fr-ch\/rideaux-nobles\/#breadcrumb","itemListElement":[{"@type":"ListItem","position":1,"name":"Home","item":"https:\/\/easycurtain.ch\/fr-ch\/?page_id=101168"},{"@type":"ListItem","position":2,"name":"Rideaux nobles"}]},{"@type":"WebSite","@id":"https:\/\/easycurtain.ch\/fr-ch\/#website","url":"https:\/\/easycurtain.ch\/fr-ch\/","name":"easyCurtain","description":"Superbes rideaux. Petits prix.","publisher":{"@id":"https:\/\/easycurtain.ch\/fr-ch\/#organization"},"potentialAction":[{"@type":"SearchAction","target":{"@type":"EntryPoint","urlTemplate":"https:\/\/easycurtain.ch\/fr-ch\/?s={search_term_string}"},"query-input":{"@type":"PropertyValueSpecification","valueRequired":true,"valueName":"search_term_string"}}],"inLanguage":"fr-CH"},{"@type":"Organization","@id":"https:\/\/easycurtain.ch\/fr-ch\/#organization","name":"easyCurtain","url":"https:\/\/easycurtain.ch\/fr-ch\/","logo":{"@type":"ImageObject","inLanguage":"fr-CH","@id":"https:\/\/easycurtain.ch\/fr-ch\/#\/schema\/logo\/image\/","url":"https:\/\/easycurtain.ch\/wp-content\/uploads\/2023\/09\/logo-easycurtain-massvorhang-online-1.png","contentUrl":"https:\/\/easycurtain.ch\/wp-content\/uploads\/2023\/09\/logo-easycurtain-massvorhang-online-1.png","width":600,"height":138,"caption":"easyCurtain"},"image":{"@id":"https:\/\/easycurtain.ch\/fr-ch\/#\/schema\/logo\/image\/"}},{"@type":"Person","@id":"https:\/\/easycurtain.ch\/fr-ch\/#\/schema\/person\/1f959e8be40e714bbfa015f2bd04eac5","name":"admin","image":{"@type":"ImageObject","inLanguage":"fr-CH","@id":"https:\/\/easycurtain.ch\/fr-ch\/#\/schema\/person\/image\/","url":"https:\/\/secure.gravatar.com\/avatar\/cb069bea1457d574e89db43b42221dcedd7d4dea32b0877881cda3e42eedb691?s=96&d=mm&r=g","contentUrl":"https:\/\/secure.gravatar.com\/avatar\/cb069bea1457d574e89db43b42221dcedd7d4dea32b0877881cda3e42eedb691?s=96&d=mm&r=g","caption":"admin"},"sameAs":["https:\/\/easycurtain.ch"],"url":"https:\/\/easycurtain.ch\/fr-ch\/author\/admin\/"}]}},"_links":{"self":[{"href":"https:\/\/easycurtain.ch\/fr-ch\/wp-json\/wp\/v2\/posts\/102212","targetHints":{"allow":["GET"]}}],"collection":[{"href":"https:\/\/easycurtain.ch\/fr-ch\/wp-json\/wp\/v2\/posts"}],"about":[{"href":"https:\/\/easycurtain.ch\/fr-ch\/wp-json\/wp\/v2\/types\/post"}],"author":[{"embeddable":true,"href":"https:\/\/easycurtain.ch\/fr-ch\/wp-json\/wp\/v2\/users\/1"}],"replies":[{"embeddable":true,"href":"https:\/\/easycurtain.ch\/fr-ch\/wp-json\/wp\/v2\/comments?post=102212"}],"version-history":[{"count":11,"href":"https:\/\/easycurtain.ch\/fr-ch\/wp-json\/wp\/v2\/posts\/102212\/revisions"}],"predecessor-version":[{"id":102379,"href":"https:\/\/easycurtain.ch\/fr-ch\/wp-json\/wp\/v2\/posts\/102212\/revisions\/102379"}],"wp:attachment":[{"href":"https:\/\/easycurtain.ch\/fr-ch\/wp-json\/wp\/v2\/media?parent=102212"}],"wp:term":[{"taxonomy":"category","embeddable":true,"href":"https:\/\/easycurtain.ch\/fr-ch\/wp-json\/wp\/v2\/categories?post=102212"},{"taxonomy":"post_tag","embeddable":true,"href":"https:\/\/easycurtain.ch\/fr-ch\/wp-json\/wp\/v2\/tags?post=102212"}],"curies":[{"name":"wp","href":"https:\/\/api.w.org\/{rel}","templated":true}]}}